{"id":107658,"date":"2023-05-23T14:49:55","date_gmt":"2023-05-23T19:49:55","guid":{"rendered":"https:\/\/nvnoticias.mx\/?p=107658"},"modified":"2023-05-23T14:49:56","modified_gmt":"2023-05-23T19:49:56","slug":"comenzaron-las-perdidas-en-plaza-del-mar-por-constantes-fallas-de-la-electricidad","status":"publish","type":"post","link":"https:\/\/nvnoticias.mx\/index.php\/2023\/05\/23\/comenzaron-las-perdidas-en-plaza-del-mar-por-constantes-fallas-de-la-electricidad\/","title":{"rendered":"Comenzaron las p\u00e9rdidas en Plaza del Mar por constantes fallas de la electricidad"},"content":{"rendered":"\n<p>\u00a0<strong>Jes\u00fas Utrilla \/ NV Noticias<\/strong><\/p>\n\n\n\n<p>Comenzaron las p\u00e9rdidas en Plaza del Mar por constantes fallas de la electricidad, se\u00f1al\u00f3 Cuauht\u00e9moc Osorio, de la bodega n\u00famero 13. Dijo&nbsp;que&nbsp;aunque los focos s\u00ed prenden, la energ\u00eda es&nbsp;insuficiente para abastecer los congeladores.&nbsp;<\/p>\n\n\n\n<p>Los d\u00edas m\u00e1s cr\u00edticos fueron jueves y viernes de la semana pasada cuando se quedaron sin electricidad. Como no los atend\u00eda la Comisi\u00f3n Federal de Electricidad advirtieron que cerrar\u00edan Rafael Cuervo y el puente Allende, por eso lleg\u00f3 el personal a restablecer el servicio a las m\u00e1s de 100 bodegas y locales gastron\u00f3micos.&nbsp;<\/p>\n\n\n\n<blockquote class=\"wp-block-quote is-layout-flow wp-block-quote-is-layout-flow\"><p>\u201c<em>El jueves y viernes estuvimos sin luz, manejamos mucho marisco y costoso. Todos tenemos congeladores y el riesgo es que se eche a perder la mercanc\u00eda y es mercanc\u00eda cara. El s\u00e1bado nos comunicamos a la CFE y se les advirti\u00f3 que \u00edbamos a tomar Rafael Cuervo y el Puente Allende. Solo as\u00ed mandaron gente a reparar. Algunos compa\u00f1eros s\u00ed tuvieron p\u00e9rdidas<\/em>\u201d.\u00a0<\/p><\/blockquote>\n\n\n\n<p>Explic\u00f3 que el congelador m\u00e1s econ\u00f3mico, de 200 kilos, llega a costar 30 mil pesos y las m\u00e1s grandes hasta 200 mil o 300 mil pesos. Son cerca de 100 bodegas en Plaza del&nbsp;Mar&nbsp;pero las fallas de energ\u00eda el\u00e9ctrica se mantienen. El locatario record\u00f3 que el manejo de pescados y mariscos debe ser estricto y necesitan equipos de enfriamiento.&nbsp;<\/p>\n\n\n\n<blockquote class=\"wp-block-quote is-layout-flow wp-block-quote-is-layout-flow\"><p>\u201c<em>Llega muy baja la luz, tenemos que estar apagando los congeladores o las c\u00e1maras para que no se vayan a quemar o descomponer porque es caro repararlo. Una barra de hielo es cara, a parte si us\u00e1bamos 10 o 15 estamos usando 20 o 30<\/em>\u201d.\u00a0<\/p><\/blockquote>\n","protected":false},"excerpt":{"rendered":"<p>\u00a0Jes\u00fas Utrilla \/ NV Noticias Comenzaron las p\u00e9rdidas en Plaza del Mar por constantes fallas de la electricidad, se\u00f1al\u00f3 Cuauht\u00e9moc Osorio, de la bodega n\u00famero 13. Dijo&nbsp;que&nbsp;aunque los focos s\u00ed prenden, la energ\u00eda es&nbsp;insuficiente para abastecer los congeladores.&nbsp; Los d\u00edas m\u00e1s cr\u00edticos fueron jueves y viernes de la semana pasada cuando se quedaron sin electricidad. [&hellip;]<\/p>\n","protected":false},"author":8,"featured_media":107659,"comment_status":"open","ping_status":"open","sticky":false,"template":"","format":"standard","meta":{"_monsterinsights_skip_tracking":false,"_monsterinsights_sitenote_active":false,"_monsterinsights_sitenote_note":"","_monsterinsights_sitenote_category":0,"footnotes":""},"categories":[154],"tags":[1502,6862,25326],"class_list":["post-107658","post","type-post","status-publish","format-standard","has-post-thumbnail","hentry","category-veracruz","tag-apagones","tag-perdidas","tag-plaza-del-mar","wp-image-borders"],"amp_enabled":true,"_links":{"self":[{"href":"https:\/\/nvnoticias.mx\/index.php\/wp-json\/wp\/v2\/posts\/107658","targetHints":{"allow":["GET"]}}],"collection":[{"href":"https:\/\/nvnoticias.mx\/index.php\/wp-json\/wp\/v2\/posts"}],"about":[{"href":"https:\/\/nvnoticias.mx\/index.php\/wp-json\/wp\/v2\/types\/post"}],"author":[{"embeddable":true,"href":"https:\/\/nvnoticias.mx\/index.php\/wp-json\/wp\/v2\/users\/8"}],"replies":[{"embeddable":true,"href":"https:\/\/nvnoticias.mx\/index.php\/wp-json\/wp\/v2\/comments?post=107658"}],"version-history":[{"count":1,"href":"https:\/\/nvnoticias.mx\/index.php\/wp-json\/wp\/v2\/posts\/107658\/revisions"}],"predecessor-version":[{"id":107660,"href":"https:\/\/nvnoticias.mx\/index.php\/wp-json\/wp\/v2\/posts\/107658\/revisions\/107660"}],"wp:featuredmedia":[{"embeddable":true,"href":"https:\/\/nvnoticias.mx\/index.php\/wp-json\/wp\/v2\/media\/107659"}],"wp:attachment":[{"href":"https:\/\/nvnoticias.mx\/index.php\/wp-json\/wp\/v2\/media?parent=107658"}],"wp:term":[{"taxonomy":"category","embeddable":true,"href":"https:\/\/nvnoticias.mx\/index.php\/wp-json\/wp\/v2\/categories?post=107658"},{"taxonomy":"post_tag","embeddable":true,"href":"https:\/\/nvnoticias.mx\/index.php\/wp-json\/wp\/v2\/tags?post=107658"}],"curies":[{"name":"wp","href":"https:\/\/api.w.org\/{rel}","templated":true}]}}