{"id":107652,"date":"2023-05-23T14:30:40","date_gmt":"2023-05-23T19:30:40","guid":{"rendered":"https:\/\/nvnoticias.mx\/?p=107652"},"modified":"2023-05-23T14:44:59","modified_gmt":"2023-05-23T19:44:59","slug":"cfe-se-compromete-a-mejorar-infraestructura-y-poner-fin-a-los-apagones","status":"publish","type":"post","link":"https:\/\/nvnoticias.mx\/index.php\/2023\/05\/23\/cfe-se-compromete-a-mejorar-infraestructura-y-poner-fin-a-los-apagones\/","title":{"rendered":"CFE se compromete a mejorar infraestructura y poner fin a los apagones"},"content":{"rendered":"\n<p><strong>Jes\u00fas Utrilla \/ NV Noticias<\/strong><\/p>\n\n\n\n<p>Veracruz, Ver. La Comisi\u00f3n Federal de Electricidad ya cambi\u00f3 125 transformadores en municipios diversos, sin embargo, siguen pendientes los de Veracruz y Boca Del R\u00edo. <\/p>\n\n\n\n<p>Marco Antonio Moncayo Parra, presidente del Movimiento Renovador Democr\u00e1tico, dijo que el martes y mi\u00e9rcoles la CFE atender\u00e1 la infraestructura en general de la zona metropolitana y tambi\u00e9n se analizar\u00e1 el costo de cambiar los postes en malas condiciones. <\/p>\n\n\n\n<p>Integrantes de dicho movimiento acudieron a las instalaciones de Comisi\u00f3n Federal de Electricidad, en la avenida Salvador Diaz Mir\u00f3n, en la que solicitaron mayor atenci\u00f3n por parte de personal de la oficina de la avenida 20 de noviembre, debido a que muchos usuarios reclaman facturaciones elevadas.<\/p>\n\n\n\n<blockquote class=\"wp-block-quote is-layout-flow wp-block-quote-is-layout-flow\"><p>\u201c<em>Hemos estado en pl\u00e1ticas con la Comisi\u00f3n y van a instalar una mesa para atender a todos los que han sufrido de los apagones y obviamente por los da\u00f1os generados. Van a pagar tambi\u00e9n los aparatos que se hayan descompuesto, pero se necesitar\u00e1 presentar el comprobante de compra y aquellos que no pagan no se les va a reponer el da\u00f1o. Ya estamos en di\u00e1logo por la problem\u00e1tica y las manifestaciones han tenido buenos resultados<\/em>\u201d.<\/p><\/blockquote>\n\n\n\n<p>Mostraron uno de los recibos en el que cobraban m\u00e1s de 11 mil pesos y el usuario no reconoce el cargo. <\/p>\n\n\n\n<p>Tambi\u00e9n inform\u00f3 que la paraestatal va a reponer los electrodom\u00e9sticos da\u00f1ados, sin embargo, el usuario forzosamente deber\u00e1 presentar la factura o el ticket de compra y no habr\u00e1 reposici\u00f3n para aquellos que deben la luz.<\/p>\n","protected":false},"excerpt":{"rendered":"<p>Jes\u00fas Utrilla \/ NV Noticias Veracruz, Ver. La Comisi\u00f3n Federal de Electricidad ya cambi\u00f3 125 transformadores en municipios diversos, sin embargo, siguen pendientes los de Veracruz y Boca Del R\u00edo. Marco Antonio Moncayo Parra, presidente del Movimiento Renovador Democr\u00e1tico, dijo que el martes y mi\u00e9rcoles la CFE atender\u00e1 la infraestructura en general de la zona [&hellip;]<\/p>\n","protected":false},"author":8,"featured_media":107653,"comment_status":"open","ping_status":"open","sticky":false,"template":"","format":"standard","meta":{"_monsterinsights_skip_tracking":false,"_monsterinsights_sitenote_active":false,"_monsterinsights_sitenote_note":"","_monsterinsights_sitenote_category":0,"footnotes":""},"categories":[154],"tags":[1502,821,162,180],"class_list":["post-107652","post","type-post","status-publish","format-standard","has-post-thumbnail","hentry","category-veracruz","tag-apagones","tag-cfe","tag-portada","tag-veracruz","wp-image-borders"],"amp_enabled":true,"_links":{"self":[{"href":"https:\/\/nvnoticias.mx\/index.php\/wp-json\/wp\/v2\/posts\/107652","targetHints":{"allow":["GET"]}}],"collection":[{"href":"https:\/\/nvnoticias.mx\/index.php\/wp-json\/wp\/v2\/posts"}],"about":[{"href":"https:\/\/nvnoticias.mx\/index.php\/wp-json\/wp\/v2\/types\/post"}],"author":[{"embeddable":true,"href":"https:\/\/nvnoticias.mx\/index.php\/wp-json\/wp\/v2\/users\/8"}],"replies":[{"embeddable":true,"href":"https:\/\/nvnoticias.mx\/index.php\/wp-json\/wp\/v2\/comments?post=107652"}],"version-history":[{"count":1,"href":"https:\/\/nvnoticias.mx\/index.php\/wp-json\/wp\/v2\/posts\/107652\/revisions"}],"predecessor-version":[{"id":107654,"href":"https:\/\/nvnoticias.mx\/index.php\/wp-json\/wp\/v2\/posts\/107652\/revisions\/107654"}],"wp:featuredmedia":[{"embeddable":true,"href":"https:\/\/nvnoticias.mx\/index.php\/wp-json\/wp\/v2\/media\/107653"}],"wp:attachment":[{"href":"https:\/\/nvnoticias.mx\/index.php\/wp-json\/wp\/v2\/media?parent=107652"}],"wp:term":[{"taxonomy":"category","embeddable":true,"href":"https:\/\/nvnoticias.mx\/index.php\/wp-json\/wp\/v2\/categories?post=107652"},{"taxonomy":"post_tag","embeddable":true,"href":"https:\/\/nvnoticias.mx\/index.php\/wp-json\/wp\/v2\/tags?post=107652"}],"curies":[{"name":"wp","href":"https:\/\/api.w.org\/{rel}","templated":true}]}}