{"id":107540,"date":"2023-05-22T18:59:11","date_gmt":"2023-05-22T23:59:11","guid":{"rendered":"https:\/\/nvnoticias.mx\/?p=107540"},"modified":"2023-05-22T20:59:27","modified_gmt":"2023-05-23T01:59:27","slug":"fallece-fer-fons-influencer-veracruzano","status":"publish","type":"post","link":"https:\/\/nvnoticias.mx\/index.php\/2023\/05\/22\/fallece-fer-fons-influencer-veracruzano\/","title":{"rendered":"Fallece Fer Fons, influencer veracruzano"},"content":{"rendered":"\n<p>La tarde de este lunes, a trav\u00e9s de redes sociales, se dio a conocer el fallecimiento de Luis Fernando Ortega Echavarr\u00eda, mejor conocido como &#8216;Fer Fons&#8217;.<\/p>\n\n\n\n<p>Egresado de la Licenciatura en Ciencias y T\u00e9cnicas de la Comunicaci\u00f3n en la Universidad Veracruzana (UV), Fer Fons era un destacado comunicador, locutor en Veracruz en &#8216;La Hora Nacional&#8217; , apasionado por la gastronom\u00eda de la entidad veracruzana y los viajes, los cuales daba a conocer en su proyecto personal, &#8216;La panza de Fer&#8217;.<\/p>\n\n\n\n<p>Fue el pasado 10 de mayo, cuando a trav\u00e9s de su p\u00e1gina de Facebook Oficial, &#8216;La panza de Fer&#8217;, dieron a conocer que estaba atravesando por un momento complicado de salud, por lo que ped\u00edan a sus seguidores el incluirlo en sus oraciones.<\/p>\n\n\n\n<p>El influencer falleci\u00f3 en la ciudad de Xalapa, Veracruz.<\/p>\n\n\n\n<iframe loading=\"lazy\" src=\"https:\/\/www.facebook.com\/plugins\/post.php?href=https%3A%2F%2Fwww.facebook.com%2Flapanzadefer%2Fposts%2Fpfbid025ChAgcEJomQcow8Yn42uaBz8WU7RbKRfY9SPSKzvWioFZxowp8NH5dKVAWUjiKG7l&#038;show_text=true&#038;width=500\" width=\"500\" height=\"712\" style=\"border:none;overflow:hidden\" scrolling=\"no\" frameborder=\"0\" allowfullscreen=\"true\" allow=\"autoplay; clipboard-write; encrypted-media; picture-in-picture; web-share\"><\/iframe>\n","protected":false},"excerpt":{"rendered":"<p>La tarde de este lunes, a trav\u00e9s de redes sociales, se dio a conocer el fallecimiento de Luis Fernando Ortega Echavarr\u00eda, mejor conocido como &#8216;Fer Fons&#8217;. Egresado de la Licenciatura en Ciencias y T\u00e9cnicas de la Comunicaci\u00f3n en la Universidad Veracruzana (UV), Fer Fons era un destacado comunicador, locutor en Veracruz en &#8216;La Hora Nacional&#8217; [&hellip;]<\/p>\n","protected":false},"author":7,"featured_media":107541,"comment_status":"open","ping_status":"open","sticky":false,"template":"","format":"standard","meta":{"_monsterinsights_skip_tracking":false,"_monsterinsights_sitenote_active":false,"_monsterinsights_sitenote_note":"","_monsterinsights_sitenote_category":0,"footnotes":""},"categories":[576],"tags":[25293,523,25295,25294,3537],"class_list":["post-107540","post","type-post","status-publish","format-standard","has-post-thumbnail","hentry","category-ocio","tag-fer-fons","tag-influencer","tag-la-panza-de-fer","tag-luis-fernando-ortega-echavarria","tag-veracruzano","wp-image-borders"],"amp_enabled":true,"_links":{"self":[{"href":"https:\/\/nvnoticias.mx\/index.php\/wp-json\/wp\/v2\/posts\/107540","targetHints":{"allow":["GET"]}}],"collection":[{"href":"https:\/\/nvnoticias.mx\/index.php\/wp-json\/wp\/v2\/posts"}],"about":[{"href":"https:\/\/nvnoticias.mx\/index.php\/wp-json\/wp\/v2\/types\/post"}],"author":[{"embeddable":true,"href":"https:\/\/nvnoticias.mx\/index.php\/wp-json\/wp\/v2\/users\/7"}],"replies":[{"embeddable":true,"href":"https:\/\/nvnoticias.mx\/index.php\/wp-json\/wp\/v2\/comments?post=107540"}],"version-history":[{"count":1,"href":"https:\/\/nvnoticias.mx\/index.php\/wp-json\/wp\/v2\/posts\/107540\/revisions"}],"predecessor-version":[{"id":107542,"href":"https:\/\/nvnoticias.mx\/index.php\/wp-json\/wp\/v2\/posts\/107540\/revisions\/107542"}],"wp:featuredmedia":[{"embeddable":true,"href":"https:\/\/nvnoticias.mx\/index.php\/wp-json\/wp\/v2\/media\/107541"}],"wp:attachment":[{"href":"https:\/\/nvnoticias.mx\/index.php\/wp-json\/wp\/v2\/media?parent=107540"}],"wp:term":[{"taxonomy":"category","embeddable":true,"href":"https:\/\/nvnoticias.mx\/index.php\/wp-json\/wp\/v2\/categories?post=107540"},{"taxonomy":"post_tag","embeddable":true,"href":"https:\/\/nvnoticias.mx\/index.php\/wp-json\/wp\/v2\/tags?post=107540"}],"curies":[{"name":"wp","href":"https:\/\/api.w.org\/{rel}","templated":true}]}}