{"id":107537,"date":"2023-05-22T17:30:52","date_gmt":"2023-05-22T22:30:52","guid":{"rendered":"https:\/\/nvnoticias.mx\/?p=107537"},"modified":"2023-05-22T17:30:53","modified_gmt":"2023-05-22T22:30:53","slug":"reporta-aicm-mil-207-vuelos-afectados-por-ceniza-del-popocatepetl-el-fin-de-semana","status":"publish","type":"post","link":"https:\/\/nvnoticias.mx\/index.php\/2023\/05\/22\/reporta-aicm-mil-207-vuelos-afectados-por-ceniza-del-popocatepetl-el-fin-de-semana\/","title":{"rendered":"Reporta AICM mil 207 vuelos afectados por ceniza del Popocat\u00e9petl el fin de semana"},"content":{"rendered":"\n<p>El Aeropuerto Internacional de la Ciudad de M\u00e9xico (<strong>AICM<\/strong>) inform\u00f3 que durante el fin de semana hubo mil 207 vuelos afectados por la actividad del volc\u00e1n <strong>Popocat\u00e9petl<\/strong>.<\/p>\n\n\n\n<p>El s\u00e1bado 20 de mayo hubo 363 vuelos cancelados y 403 vuelos demorados.<\/p>\n\n\n\n<p>Mientras que el domingo 21 de mayo hubo 40 cancelaciones de vuelos y 401 vuelos demorados.<\/p>\n\n\n\n<p>Lo anterior suma <strong>mil 207 vuelos afectados<\/strong> durante el fin de semana.<\/p>\n\n\n\n<p>Sin embargo, fue superior la cantidad de vuelos que s\u00ed lograron despegar y aterrizar.<\/p>\n\n\n\n<p>El s\u00e1bado 20 de mayo hubo 507 vuelos operados que s\u00ed despegaron y s\u00ed aterrizaron: mientras que el domingo 21 de mayo hubo 784 vuelos que operaron con normalidad. Lo que suma mil 291 vuelos que operaron con normalidad en el Benito Ju\u00e1rez.<\/p>\n\n\n\n<p>El AICM a\u00fan no emite un reporte completo de los vuelos afectados <strong>este lunes 22 de mayo<\/strong>.<\/p>\n\n\n\n<p>Fuente: <a href=\"https:\/\/www.eluniversal.com.mx\/cartera\/aicm-reporta-mil-207-vuelos-afectados-por-ceniza-del-popocatepetl-el-fin-de-semana\/\" data-type=\"URL\" data-id=\"https:\/\/www.eluniversal.com.mx\/cartera\/aicm-reporta-mil-207-vuelos-afectados-por-ceniza-del-popocatepetl-el-fin-de-semana\/\">El Universal<\/a><\/p>\n","protected":false},"excerpt":{"rendered":"<p>El Aeropuerto Internacional de la Ciudad de M\u00e9xico (AICM) inform\u00f3 que durante el fin de semana hubo mil 207 vuelos afectados por la actividad del volc\u00e1n Popocat\u00e9petl. El s\u00e1bado 20 de mayo hubo 363 vuelos cancelados y 403 vuelos demorados. Mientras que el domingo 21 de mayo hubo 40 cancelaciones de vuelos y 401 vuelos [&hellip;]<\/p>\n","protected":false},"author":35,"featured_media":79508,"comment_status":"open","ping_status":"open","sticky":false,"template":"","format":"standard","meta":{"_monsterinsights_skip_tracking":false,"_monsterinsights_sitenote_active":false,"_monsterinsights_sitenote_note":"","_monsterinsights_sitenote_category":0,"footnotes":""},"categories":[157],"tags":[1666,6573,25153,6064,9228,738],"class_list":["post-107537","post","type-post","status-publish","format-standard","has-post-thumbnail","hentry","category-nacional","tag-afectados","tag-aicm","tag-ceniza","tag-popocatepetl","tag-reporta","tag-vuelos","wp-image-borders"],"amp_enabled":true,"_links":{"self":[{"href":"https:\/\/nvnoticias.mx\/index.php\/wp-json\/wp\/v2\/posts\/107537","targetHints":{"allow":["GET"]}}],"collection":[{"href":"https:\/\/nvnoticias.mx\/index.php\/wp-json\/wp\/v2\/posts"}],"about":[{"href":"https:\/\/nvnoticias.mx\/index.php\/wp-json\/wp\/v2\/types\/post"}],"author":[{"embeddable":true,"href":"https:\/\/nvnoticias.mx\/index.php\/wp-json\/wp\/v2\/users\/35"}],"replies":[{"embeddable":true,"href":"https:\/\/nvnoticias.mx\/index.php\/wp-json\/wp\/v2\/comments?post=107537"}],"version-history":[{"count":1,"href":"https:\/\/nvnoticias.mx\/index.php\/wp-json\/wp\/v2\/posts\/107537\/revisions"}],"predecessor-version":[{"id":107538,"href":"https:\/\/nvnoticias.mx\/index.php\/wp-json\/wp\/v2\/posts\/107537\/revisions\/107538"}],"wp:featuredmedia":[{"embeddable":true,"href":"https:\/\/nvnoticias.mx\/index.php\/wp-json\/wp\/v2\/media\/79508"}],"wp:attachment":[{"href":"https:\/\/nvnoticias.mx\/index.php\/wp-json\/wp\/v2\/media?parent=107537"}],"wp:term":[{"taxonomy":"category","embeddable":true,"href":"https:\/\/nvnoticias.mx\/index.php\/wp-json\/wp\/v2\/categories?post=107537"},{"taxonomy":"post_tag","embeddable":true,"href":"https:\/\/nvnoticias.mx\/index.php\/wp-json\/wp\/v2\/tags?post=107537"}],"curies":[{"name":"wp","href":"https:\/\/api.w.org\/{rel}","templated":true}]}}