{"id":107506,"date":"2023-05-22T15:44:54","date_gmt":"2023-05-22T20:44:54","guid":{"rendered":"https:\/\/nvnoticias.mx\/?p=107506"},"modified":"2023-05-22T15:44:55","modified_gmt":"2023-05-22T20:44:55","slug":"cambiaran-las-luminarias-en-calles-de-la-reserva-tarimoya-4","status":"publish","type":"post","link":"https:\/\/nvnoticias.mx\/index.php\/2023\/05\/22\/cambiaran-las-luminarias-en-calles-de-la-reserva-tarimoya-4\/","title":{"rendered":"Cambiar\u00e1n las luminarias en calles de la Reserva Tarimoya 4"},"content":{"rendered":"\n<p><strong>Jes\u00fas Utrilla \/ NV Noticias <\/strong><\/p>\n\n\n\n<p>Colocar\u00e1n l\u00e1mparas led en la Reserva Tarimoya 4, inform\u00f3 Samuel Aguirre Ochoa, presidente del Comit\u00e9 Estatal del Movimiento Antorchista. Afirm\u00f3 que no hay apagones, cuentan con agua y seguridad. <\/p>\n\n\n\n<p>Cabe recordar que en meses pasados encabez\u00f3 manifestaci\u00f3n y dijo lo contrario.<\/p>\n\n\n\n<blockquote class=\"wp-block-quote is-layout-flow wp-block-quote-is-layout-flow\"><p>\u201cAqu\u00ed el problema es el alumbrado p\u00fablico, realizaron el levantamiento y estamos esperando a que aprueben el presupuesto para que se cambien las l\u00e1mparas\u201d.<\/p><\/blockquote>\n\n\n\n<p>El l\u00edder de dicha colonia rechaz\u00f3 que existan apagones por parte de la Comisi\u00f3n Federal de Electricidad, como ocurre en el resto de la ciudad. Adem\u00e1s, afirm\u00f3 que se resolvi\u00f3 el problema de desabasto de agua.<\/p>\n\n\n\n<blockquote class=\"wp-block-quote is-layout-flow wp-block-quote-is-layout-flow\"><p>\u201cNo hay apagones, el problema del agua ya se resolvi\u00f3 y hay agua todos los d\u00edas. Agua s\u00ed tenemos, no hay muchos apagones y estamos esperando a que se pruebe el cambio de las l\u00e1mparas viejas por las led y ojal\u00e1 pronto lo apruebe el Cabildo para tener bien alumbradas todas las calles\u201d.<\/p><\/blockquote>\n\n\n\n<p>Tambi\u00e9n rechaz\u00f3 que existan problemas de inseguridad, como hab\u00eda denunciado hace algunas semanas en una manifestaci\u00f3n que encabez\u00f3 en el Z\u00f3calo de la ciudad de Veracruz.<\/p>\n\n\n\n<p><\/p>\n","protected":false},"excerpt":{"rendered":"<p>Jes\u00fas Utrilla \/ NV Noticias Colocar\u00e1n l\u00e1mparas led en la Reserva Tarimoya 4, inform\u00f3 Samuel Aguirre Ochoa, presidente del Comit\u00e9 Estatal del Movimiento Antorchista. Afirm\u00f3 que no hay apagones, cuentan con agua y seguridad. Cabe recordar que en meses pasados encabez\u00f3 manifestaci\u00f3n y dijo lo contrario. \u201cAqu\u00ed el problema es el alumbrado p\u00fablico, realizaron el [&hellip;]<\/p>\n","protected":false},"author":8,"featured_media":85733,"comment_status":"open","ping_status":"open","sticky":false,"template":"","format":"standard","meta":{"_monsterinsights_skip_tracking":false,"_monsterinsights_sitenote_active":false,"_monsterinsights_sitenote_note":"","_monsterinsights_sitenote_category":0,"footnotes":""},"categories":[154],"tags":[20742,15412],"class_list":["post-107506","post","type-post","status-publish","format-standard","has-post-thumbnail","hentry","category-veracruz","tag-lamparas-led","tag-reserva-tarimoya-4","wp-image-borders"],"amp_enabled":true,"_links":{"self":[{"href":"https:\/\/nvnoticias.mx\/index.php\/wp-json\/wp\/v2\/posts\/107506","targetHints":{"allow":["GET"]}}],"collection":[{"href":"https:\/\/nvnoticias.mx\/index.php\/wp-json\/wp\/v2\/posts"}],"about":[{"href":"https:\/\/nvnoticias.mx\/index.php\/wp-json\/wp\/v2\/types\/post"}],"author":[{"embeddable":true,"href":"https:\/\/nvnoticias.mx\/index.php\/wp-json\/wp\/v2\/users\/8"}],"replies":[{"embeddable":true,"href":"https:\/\/nvnoticias.mx\/index.php\/wp-json\/wp\/v2\/comments?post=107506"}],"version-history":[{"count":1,"href":"https:\/\/nvnoticias.mx\/index.php\/wp-json\/wp\/v2\/posts\/107506\/revisions"}],"predecessor-version":[{"id":107508,"href":"https:\/\/nvnoticias.mx\/index.php\/wp-json\/wp\/v2\/posts\/107506\/revisions\/107508"}],"wp:featuredmedia":[{"embeddable":true,"href":"https:\/\/nvnoticias.mx\/index.php\/wp-json\/wp\/v2\/media\/85733"}],"wp:attachment":[{"href":"https:\/\/nvnoticias.mx\/index.php\/wp-json\/wp\/v2\/media?parent=107506"}],"wp:term":[{"taxonomy":"category","embeddable":true,"href":"https:\/\/nvnoticias.mx\/index.php\/wp-json\/wp\/v2\/categories?post=107506"},{"taxonomy":"post_tag","embeddable":true,"href":"https:\/\/nvnoticias.mx\/index.php\/wp-json\/wp\/v2\/tags?post=107506"}],"curies":[{"name":"wp","href":"https:\/\/api.w.org\/{rel}","templated":true}]}}