{"id":107504,"date":"2023-05-22T15:38:00","date_gmt":"2023-05-22T20:38:00","guid":{"rendered":"https:\/\/nvnoticias.mx\/?p=107504"},"modified":"2023-05-22T15:38:01","modified_gmt":"2023-05-22T20:38:01","slug":"acusan-al-inah-de-frenar-las-obras-del-centro-historico-de-veracruz","status":"publish","type":"post","link":"https:\/\/nvnoticias.mx\/index.php\/2023\/05\/22\/acusan-al-inah-de-frenar-las-obras-del-centro-historico-de-veracruz\/","title":{"rendered":"Acusan al INAH de frenar las obras del centro hist\u00f3rico de Veracruz"},"content":{"rendered":"\n<p><strong>Jes\u00fas Utrilla \/ NV Noticias<\/strong><\/p>\n\n\n\n<p>El Instituto Nacional de Antropolog\u00eda e Historia (INAH) no permite el desarrollo del proyecto de rescate del centro hist\u00f3rico de Veracruz, acus\u00f3  la alcaldesa Patricia Lobeira Rodr\u00edguez.<\/p>\n\n\n\n<p>Record\u00f3 que el proyecto se encuentra listo, el consejo, la ventanilla \u00fanica, incluso se han llevado a cabo todos los pasos adecuados y todo en orden, correctamente pero el INAH sigue tardando con la autorizaci\u00f3n.<\/p>\n\n\n\n<blockquote class=\"wp-block-quote is-layout-flow wp-block-quote-is-layout-flow\"><p>\u201cRealmente creo que es un tema de lentitud, no hay ning\u00fan pero, tenemos ya todo tramitando esto desde hace a\u00f1o y medio&#8221;.<\/p><\/blockquote>\n\n\n\n<p>Dijo que si en un mes el INAH no acepta el proyecto, el Ayuntamiento de Veracruz se ver\u00e1 obligado a ejercer el recurso en obra p\u00fablica en otras \u00e1reas de la ciudad porque el dinero debe ejercerse. <\/p>\n\n\n\n<p>El recurso estimado a ejercer en esa zona de la ciudad es de alrededor de 70 millones de pesos que contempla la mejora en calles y otros trabajos.<\/p>\n\n\n\n<blockquote class=\"wp-block-quote is-layout-flow wp-block-quote-is-layout-flow\"><p>&#8220;Sino lo tenemos pronto, voy a tener que destinar ese presupuesto que nosotros ten\u00edamos contemplado para el centro hist\u00f3rico en otras \u00e1reas de la ciudad que tambi\u00e9n lo necesitan, pero bueno, que quede claro que es el INAH el que no ha dado todav\u00eda la autorizaci\u00f3n y por qui\u00e9n no podemos empezar&#8221;.<\/p><\/blockquote>\n\n\n\n<p>La presidenta municipal dio el arranque de la obra de pavimentaci\u00f3n con concreto hidr\u00e1ulico de la prolongaci\u00f3n R\u00edo Medio para beneficio de poco m\u00e1s de 2 mil 300 familias, adem\u00e1s de 12 mil personas de manera indirecta.<\/p>\n","protected":false},"excerpt":{"rendered":"<p>Jes\u00fas Utrilla \/ NV Noticias El Instituto Nacional de Antropolog\u00eda e Historia (INAH) no permite el desarrollo del proyecto de rescate del centro hist\u00f3rico de Veracruz, acus\u00f3 la alcaldesa Patricia Lobeira Rodr\u00edguez. Record\u00f3 que el proyecto se encuentra listo, el consejo, la ventanilla \u00fanica, incluso se han llevado a cabo todos los pasos adecuados y [&hellip;]<\/p>\n","protected":false},"author":8,"featured_media":71425,"comment_status":"open","ping_status":"open","sticky":false,"template":"","format":"standard","meta":{"_monsterinsights_skip_tracking":false,"_monsterinsights_sitenote_active":false,"_monsterinsights_sitenote_note":"","_monsterinsights_sitenote_category":0,"footnotes":""},"categories":[154],"tags":[1375,1238,334,180],"class_list":["post-107504","post","type-post","status-publish","format-standard","has-post-thumbnail","hentry","category-veracruz","tag-centro-historico","tag-inah","tag-obras","tag-veracruz","wp-image-borders"],"amp_enabled":true,"_links":{"self":[{"href":"https:\/\/nvnoticias.mx\/index.php\/wp-json\/wp\/v2\/posts\/107504","targetHints":{"allow":["GET"]}}],"collection":[{"href":"https:\/\/nvnoticias.mx\/index.php\/wp-json\/wp\/v2\/posts"}],"about":[{"href":"https:\/\/nvnoticias.mx\/index.php\/wp-json\/wp\/v2\/types\/post"}],"author":[{"embeddable":true,"href":"https:\/\/nvnoticias.mx\/index.php\/wp-json\/wp\/v2\/users\/8"}],"replies":[{"embeddable":true,"href":"https:\/\/nvnoticias.mx\/index.php\/wp-json\/wp\/v2\/comments?post=107504"}],"version-history":[{"count":1,"href":"https:\/\/nvnoticias.mx\/index.php\/wp-json\/wp\/v2\/posts\/107504\/revisions"}],"predecessor-version":[{"id":107505,"href":"https:\/\/nvnoticias.mx\/index.php\/wp-json\/wp\/v2\/posts\/107504\/revisions\/107505"}],"wp:featuredmedia":[{"embeddable":true,"href":"https:\/\/nvnoticias.mx\/index.php\/wp-json\/wp\/v2\/media\/71425"}],"wp:attachment":[{"href":"https:\/\/nvnoticias.mx\/index.php\/wp-json\/wp\/v2\/media?parent=107504"}],"wp:term":[{"taxonomy":"category","embeddable":true,"href":"https:\/\/nvnoticias.mx\/index.php\/wp-json\/wp\/v2\/categories?post=107504"},{"taxonomy":"post_tag","embeddable":true,"href":"https:\/\/nvnoticias.mx\/index.php\/wp-json\/wp\/v2\/tags?post=107504"}],"curies":[{"name":"wp","href":"https:\/\/api.w.org\/{rel}","templated":true}]}}