{"id":107498,"date":"2023-05-22T14:42:20","date_gmt":"2023-05-22T19:42:20","guid":{"rendered":"https:\/\/nvnoticias.mx\/?p=107498"},"modified":"2023-05-22T14:42:32","modified_gmt":"2023-05-22T19:42:32","slug":"avala-amlo-manifestacion-de-cuitlahuac-garcia-en-suprema-corte","status":"publish","type":"post","link":"https:\/\/nvnoticias.mx\/index.php\/2023\/05\/22\/avala-amlo-manifestacion-de-cuitlahuac-garcia-en-suprema-corte\/","title":{"rendered":"Avala AMLO manifestaci\u00f3n de Cuitl\u00e1huac Garc\u00eda en Suprema Corte"},"content":{"rendered":"\n<p>El presidente Andr\u00e9s Manuel L\u00f3pez Obrador aval\u00f3 la manifestaci\u00f3n que realiz\u00f3 el gobernador de Veracruz, Cuitl\u00e1huac Garc\u00eda, y simpatizantes de la 4T contra la Suprema Corte de Justicia de la Naci\u00f3n en las que hubo f\u00e9retros y personas disfrazadas de ministros.<\/p>\n\n\n\n<p>En la conferencia ma\u00f1anera, dijo que Garc\u00eda representa un cambio para la entidad que gobierna, \u201cpara decirlo con mucha claridad: no es rata, no es corrupto\u201d.<\/p>\n\n\n\n<blockquote class=\"wp-block-quote is-layout-flow wp-block-quote-is-layout-flow\"><p>\u201cEl caso de Veracruz, tienen un extraordinario gobernador, ahora muy atacado estos d\u00edas porque convoc\u00f3 a una manifestaci\u00f3n para protestar por la corrupci\u00f3n de jueces, lo hizo bien; sin embargo, se le lanzaron muy fuerte\u201d, subray\u00f3.<\/p><\/blockquote>\n\n\n\n<p>El s\u00e1bado pasado, Garc\u00eda encabez\u00f3 una manifestaci\u00f3n afuera de las instalaciones de la Suprema Corte de Justicia de la Naci\u00f3n, donde acus\u00f3 que desde el Poder Judicial buscan frenar la llamada Cuarta Transformaci\u00f3n.<\/p>\n\n\n\n<p>Acompa\u00f1ado de gritos de \u201cfuera&nbsp;Norma Pi\u00f1a\u201d, pancartas, ata\u00fades con personas disfrazadas de los ministros y m\u00e1scaras de la ministra presidenta, el gobernador pidi\u00f3 que la Fiscal\u00eda General de la Rep\u00fablica indague una supuesta red de corrupci\u00f3n al interior de del Poder Judicial de la Federaci\u00f3n.<\/p>\n\n\n\n<p>Tras dar el respaldo a esta movilizaci\u00f3n el presidente record\u00f3 que los veracruzanos decidieron en la pasada elecci\u00f3n que Garc\u00eda fuera y gobernador, lo signific\u00f3 un cambio porque ya no representa a los pol\u00edticos que ten\u00edan grandes residencias, yates y aviones.<\/p>\n\n\n\n<blockquote class=\"wp-block-quote is-layout-flow wp-block-quote-is-layout-flow\"><p>\u201cY eso hace la diferencia, porque un buen gobierno depende en m\u00e1s del 90 por ciento de la honestidad de los gobernantes, ya todo lo dem\u00e1s es accesorio, es complementario, pero lo importante es la honestidad\u201d, agreg\u00f3.<\/p><\/blockquote>\n\n\n\n<p>Dijo que lo mismo ocurri\u00f3 en Tamaulipas con la llegada de Am\u00e9rico Villarreal al Ejecutivo estatal \u201c, los que gobernaban son\u2026 Ay, nanita\u201d.<\/p>\n\n\n\n<blockquote class=\"wp-block-quote is-layout-flow wp-block-quote-is-layout-flow\"><p>\u201cUn gran estado igual, gente buena, trabajadora, mucho pueblo para tan poco gobierno y ahora tomaron la decisi\u00f3n los tamaulipecos y dijeron basta y ya hay un gobernador honesto, \u00edntegro, eso es muy importante\u201d, sostuvo.<\/p><\/blockquote>\n\n\n\n<p>Fuente: <a href=\"https:\/\/www.milenio.com\/politica\/amlo-avala-manifestacion-cuitlahuac-garcia-scjn\" data-type=\"URL\" data-id=\"https:\/\/www.milenio.com\/politica\/amlo-avala-manifestacion-cuitlahuac-garcia-scjn\">Milenio<\/a><\/p>\n","protected":false},"excerpt":{"rendered":"<p>El presidente Andr\u00e9s Manuel L\u00f3pez Obrador aval\u00f3 la manifestaci\u00f3n que realiz\u00f3 el gobernador de Veracruz, Cuitl\u00e1huac Garc\u00eda, y simpatizantes de la 4T contra la Suprema Corte de Justicia de la Naci\u00f3n en las que hubo f\u00e9retros y personas disfrazadas de ministros. En la conferencia ma\u00f1anera, dijo que Garc\u00eda representa un cambio para la entidad que [&hellip;]<\/p>\n","protected":false},"author":35,"featured_media":55036,"comment_status":"open","ping_status":"open","sticky":false,"template":"","format":"standard","meta":{"_monsterinsights_skip_tracking":false,"_monsterinsights_sitenote_active":false,"_monsterinsights_sitenote_note":"","_monsterinsights_sitenote_category":0,"footnotes":""},"categories":[158],"tags":[188,13302,965,503,162,5460],"class_list":["post-107498","post","type-post","status-publish","format-standard","has-post-thumbnail","hentry","category-politica","tag-amlo","tag-avala","tag-cuitlahuac-garcia-jimenez","tag-manifestacion","tag-portada","tag-suprema-corte","wp-image-borders"],"amp_enabled":true,"_links":{"self":[{"href":"https:\/\/nvnoticias.mx\/index.php\/wp-json\/wp\/v2\/posts\/107498","targetHints":{"allow":["GET"]}}],"collection":[{"href":"https:\/\/nvnoticias.mx\/index.php\/wp-json\/wp\/v2\/posts"}],"about":[{"href":"https:\/\/nvnoticias.mx\/index.php\/wp-json\/wp\/v2\/types\/post"}],"author":[{"embeddable":true,"href":"https:\/\/nvnoticias.mx\/index.php\/wp-json\/wp\/v2\/users\/35"}],"replies":[{"embeddable":true,"href":"https:\/\/nvnoticias.mx\/index.php\/wp-json\/wp\/v2\/comments?post=107498"}],"version-history":[{"count":1,"href":"https:\/\/nvnoticias.mx\/index.php\/wp-json\/wp\/v2\/posts\/107498\/revisions"}],"predecessor-version":[{"id":107499,"href":"https:\/\/nvnoticias.mx\/index.php\/wp-json\/wp\/v2\/posts\/107498\/revisions\/107499"}],"wp:featuredmedia":[{"embeddable":true,"href":"https:\/\/nvnoticias.mx\/index.php\/wp-json\/wp\/v2\/media\/55036"}],"wp:attachment":[{"href":"https:\/\/nvnoticias.mx\/index.php\/wp-json\/wp\/v2\/media?parent=107498"}],"wp:term":[{"taxonomy":"category","embeddable":true,"href":"https:\/\/nvnoticias.mx\/index.php\/wp-json\/wp\/v2\/categories?post=107498"},{"taxonomy":"post_tag","embeddable":true,"href":"https:\/\/nvnoticias.mx\/index.php\/wp-json\/wp\/v2\/tags?post=107498"}],"curies":[{"name":"wp","href":"https:\/\/api.w.org\/{rel}","templated":true}]}}