{"id":107483,"date":"2023-05-22T13:39:14","date_gmt":"2023-05-22T18:39:14","guid":{"rendered":"https:\/\/nvnoticias.mx\/?p=107483"},"modified":"2023-05-22T13:39:15","modified_gmt":"2023-05-22T18:39:15","slug":"nace-primer-bebe-tras-un-trasplante-de-utero-en-espana","status":"publish","type":"post","link":"https:\/\/nvnoticias.mx\/index.php\/2023\/05\/22\/nace-primer-bebe-tras-un-trasplante-de-utero-en-espana\/","title":{"rendered":"Nace primer beb\u00e9 tras un trasplante de \u00fatero en Espa\u00f1a"},"content":{"rendered":"\n<p>Una mujer que recibi\u00f3 un trasplante de \u00fatero en 2020, dio a luz a Jes\u00fas, el&nbsp;<a href=\"https:\/\/www.milenio.com\/temas\/bebes\" target=\"_blank\" rel=\"noreferrer noopener\">primer beb\u00e9 nacido en Espa\u00f1a<\/a>&nbsp;de un procedimiento largo y&nbsp;complejo que ha llevado a cabo el Hospital Cl\u00ednic de Barcelona con <strong>una finalidad esencialmente reproductiva.<\/strong><\/p>\n\n\n\n<blockquote class=\"wp-block-quote is-layout-flow wp-block-quote-is-layout-flow\"><p>&#8220;Ha sido un proceso muy duro a la vez que muy bonito y a pesar de todos los riesgos ha merecido la pena&#8221;, ha destacado este lunes la mujer trasplantada y flamante mam\u00e1, Tamara Franco, en la rueda de prensa de presentaci\u00f3n de este innovador procedimiento, en la que ha participado el conseller de Salud, Manel Balcells, y el equipo m\u00e9dico del Cl\u00ednic.<\/p><\/blockquote>\n\n\n\n<p>El&nbsp;jefe de servicio de Ginecolog\u00eda y responsable del proyecto, Francisco Carmona, explic\u00f3 que el &#8220;\u00e9xito que no era haber conseguido el trasplante del&nbsp;\u00fatero, sino que hab\u00eda que lograr llevar a buen t\u00e9rmino un embarazo. <strong>Hoy estamos felices porque podemos decir que el largo peregrinaje<\/strong> que iniciamos en 2015 ha tenido su primer \u00e9xito&#8221;.<\/p>\n\n\n\n<p>Tamara Franco ten\u00eda una extra\u00f1a patolog\u00eda, el s\u00edndrome de Rokitansky, un trastorno cong\u00e9nito del aparato reproductor femenino que <strong>afecta a 1 de cada 5 mil mujeres en el mundo,<\/strong> las cuales, nacen sin \u00fatero ni trompas de Falopio.<\/p>\n\n\n\n<p>En 2020, la mujer se convirti\u00f3 en la primera en recibir un trasplante de \u00fatero en Espa\u00f1a, pero en una primera fase de transferencia termin\u00f3 en aborto, por lo que fue necesario llevar a cabo una segunda en septiembre de 2022, la cual, <strong>r<\/strong><strong>esult\u00f3 en el nacimiento del beb\u00e9.<\/strong><\/p>\n\n\n\n<p>Aunque el segundo embarazo tambi\u00e9n tuvo complicaciones tras detectarle una preclamsia, se decidi\u00f3 esperar hasta la semana 30 de embarazo para poder practicarle una ces\u00e1rea,&nbsp;&#8220;la operaci\u00f3n que se llev\u00f3 a cabo fue totalmente est\u00e1ndar, lo que habla de la cualidad del trasplante.<strong> No hubo ninguna complicaci\u00f3n y, desde entonces, el beb\u00e9 ha tenido una buena evoluci\u00f3n&#8221;,<\/strong> a\u00f1adi\u00f3 Francesc Figueras, jefe del Servicio de Medicina Maternofetal.<\/p>\n\n\n\n<p>Aunque el Hospital Cl\u00ednic ya ha llevado el procedimiento con \u00e9xito, est\u00e1n en puerta otros dos trasplantes en proceso, las cuales, <strong>est\u00e1n siendo evaluadas para las siguientes fases.&nbsp;<\/strong><\/p>\n\n\n\n<p>En total han sido 107 las mujeres que han solicitado formar parte del estudio, teniendo el centro la autorizaci\u00f3n para realizar cinco trasplantes. De estos trasplantes, <strong>han nacido m\u00e1s de 50 beb\u00e9s<\/strong> en el mundo de mujeres que han recibido un trasplante de \u00fatero, de los cuales <strong>\u00e9ste es el primer caso en Espa\u00f1a.<\/strong><\/p>\n\n\n\n<p>Fuente: <a href=\"https:\/\/www.milenio.com\/internacional\/en-espana-nace-primer-bebe-tras-un-trasplante-de-utero\" data-type=\"URL\" data-id=\"https:\/\/www.milenio.com\/internacional\/en-espana-nace-primer-bebe-tras-un-trasplante-de-utero\">Milenio<\/a><\/p>\n","protected":false},"excerpt":{"rendered":"<p>Una mujer que recibi\u00f3 un trasplante de \u00fatero en 2020, dio a luz a Jes\u00fas, el&nbsp;primer beb\u00e9 nacido en Espa\u00f1a&nbsp;de un procedimiento largo y&nbsp;complejo que ha llevado a cabo el Hospital Cl\u00ednic de Barcelona con una finalidad esencialmente reproductiva. &#8220;Ha sido un proceso muy duro a la vez que muy bonito y a pesar de [&hellip;]<\/p>\n","protected":false},"author":35,"featured_media":38809,"comment_status":"open","ping_status":"open","sticky":false,"template":"","format":"standard","meta":{"_monsterinsights_skip_tracking":false,"_monsterinsights_sitenote_active":false,"_monsterinsights_sitenote_note":"","_monsterinsights_sitenote_category":0,"footnotes":""},"categories":[181],"tags":[2340,593,25284,8006,5389,25285],"class_list":["post-107483","post","type-post","status-publish","format-standard","has-post-thumbnail","hentry","category-internacional","tag-bebe","tag-espana","tag-nace","tag-primer","tag-trasplante","tag-utero","wp-image-borders"],"amp_enabled":true,"_links":{"self":[{"href":"https:\/\/nvnoticias.mx\/index.php\/wp-json\/wp\/v2\/posts\/107483","targetHints":{"allow":["GET"]}}],"collection":[{"href":"https:\/\/nvnoticias.mx\/index.php\/wp-json\/wp\/v2\/posts"}],"about":[{"href":"https:\/\/nvnoticias.mx\/index.php\/wp-json\/wp\/v2\/types\/post"}],"author":[{"embeddable":true,"href":"https:\/\/nvnoticias.mx\/index.php\/wp-json\/wp\/v2\/users\/35"}],"replies":[{"embeddable":true,"href":"https:\/\/nvnoticias.mx\/index.php\/wp-json\/wp\/v2\/comments?post=107483"}],"version-history":[{"count":1,"href":"https:\/\/nvnoticias.mx\/index.php\/wp-json\/wp\/v2\/posts\/107483\/revisions"}],"predecessor-version":[{"id":107484,"href":"https:\/\/nvnoticias.mx\/index.php\/wp-json\/wp\/v2\/posts\/107483\/revisions\/107484"}],"wp:featuredmedia":[{"embeddable":true,"href":"https:\/\/nvnoticias.mx\/index.php\/wp-json\/wp\/v2\/media\/38809"}],"wp:attachment":[{"href":"https:\/\/nvnoticias.mx\/index.php\/wp-json\/wp\/v2\/media?parent=107483"}],"wp:term":[{"taxonomy":"category","embeddable":true,"href":"https:\/\/nvnoticias.mx\/index.php\/wp-json\/wp\/v2\/categories?post=107483"},{"taxonomy":"post_tag","embeddable":true,"href":"https:\/\/nvnoticias.mx\/index.php\/wp-json\/wp\/v2\/tags?post=107483"}],"curies":[{"name":"wp","href":"https:\/\/api.w.org\/{rel}","templated":true}]}}