{"id":107468,"date":"2023-05-22T11:35:45","date_gmt":"2023-05-22T16:35:45","guid":{"rendered":"https:\/\/nvnoticias.mx\/?p=107468"},"modified":"2023-05-22T11:35:47","modified_gmt":"2023-05-22T16:35:47","slug":"revelan-que-demanda-de-mexico-para-recuperar-el-dinero-acreditado-a-garcia-luna-esta-detenida","status":"publish","type":"post","link":"https:\/\/nvnoticias.mx\/index.php\/2023\/05\/22\/revelan-que-demanda-de-mexico-para-recuperar-el-dinero-acreditado-a-garcia-luna-esta-detenida\/","title":{"rendered":"Revelan que demanda de M\u00e9xico para recuperar el dinero acreditado a Garc\u00eda Luna est\u00e1 detenida"},"content":{"rendered":"\n<p>En este contexto, Pablo G\u00f3mez inform\u00f3 que el\u00a0juicio civil interpuesto por el Gobierno de M\u00e9xico en un juzgado de Florida, Estados Unidos, para\u00a0<strong>recuperar\u00a0<\/strong>parte del\u00a0<strong>dinero\u00a0<\/strong>que se le ha acreditado a Genaro Garc\u00eda Luna est\u00e1\u00a0<strong>detenido<\/strong>\u00a0debido a una \u201c<strong>apelaci\u00f3n\u00a0<\/strong>presentada por la defensa de los demandados\u201d.<\/p>\n\n\n\n<blockquote class=\"wp-block-quote is-layout-flow wp-block-quote-is-layout-flow\"><p>\u201c<strong>Los demandados est\u00e1n sosteniendo que el tribunal no tiene competencia<\/strong>, pero de acuerdo con la ley local, el estado de Florida tiene competencia para la demanda de restituci\u00f3n de bienes que son producto de actividades il\u00edcitas llevadas a cabo en el extranjero\u201d, se\u00f1al\u00f3.<\/p><\/blockquote>\n\n\n\n<p>En enero de 2024, AMLO detall\u00f3 que la cifra que M\u00e9xico busca que el gobierno de Estados Unidos le \u2018regrese\u2019 asciende a<strong>\u00a0700 millones de d\u00f3lares<\/strong>\u00a0y que la fortuna de Garc\u00eda Luna ronda los\u00a0<strong>mil millones de d\u00f3lares<\/strong>.<\/p>\n\n\n\n<p>Fuente: <a href=\"https:\/\/www.elfinanciero.com.mx\/nacional\/2023\/05\/22\/amlo-mananera-temas-hoy-22-mayo-2023-en-vivo\/\" data-type=\"URL\" data-id=\"https:\/\/www.elfinanciero.com.mx\/nacional\/2023\/05\/22\/amlo-mananera-temas-hoy-22-mayo-2023-en-vivo\/\">El Financiero<\/a> <\/p>\n","protected":false},"excerpt":{"rendered":"<p>En este contexto, Pablo G\u00f3mez inform\u00f3 que el\u00a0juicio civil interpuesto por el Gobierno de M\u00e9xico en un juzgado de Florida, Estados Unidos, para\u00a0recuperar\u00a0parte del\u00a0dinero\u00a0que se le ha acreditado a Genaro Garc\u00eda Luna est\u00e1\u00a0detenido\u00a0debido a una \u201capelaci\u00f3n\u00a0presentada por la defensa de los demandados\u201d. \u201cLos demandados est\u00e1n sosteniendo que el tribunal no tiene competencia, pero de acuerdo [&hellip;]<\/p>\n","protected":false},"author":35,"featured_media":95573,"comment_status":"open","ping_status":"open","sticky":false,"template":"","format":"standard","meta":{"_monsterinsights_skip_tracking":false,"_monsterinsights_sitenote_active":false,"_monsterinsights_sitenote_note":"","_monsterinsights_sitenote_category":0,"footnotes":""},"categories":[157],"tags":[701,25280,4504,292,9043],"class_list":["post-107468","post","type-post","status-publish","format-standard","has-post-thumbnail","hentry","category-nacional","tag-demanda","tag-dinero-acreditado","tag-genaro-garcia-luna","tag-mexico","tag-recuperar","wp-image-borders"],"amp_enabled":true,"_links":{"self":[{"href":"https:\/\/nvnoticias.mx\/index.php\/wp-json\/wp\/v2\/posts\/107468","targetHints":{"allow":["GET"]}}],"collection":[{"href":"https:\/\/nvnoticias.mx\/index.php\/wp-json\/wp\/v2\/posts"}],"about":[{"href":"https:\/\/nvnoticias.mx\/index.php\/wp-json\/wp\/v2\/types\/post"}],"author":[{"embeddable":true,"href":"https:\/\/nvnoticias.mx\/index.php\/wp-json\/wp\/v2\/users\/35"}],"replies":[{"embeddable":true,"href":"https:\/\/nvnoticias.mx\/index.php\/wp-json\/wp\/v2\/comments?post=107468"}],"version-history":[{"count":2,"href":"https:\/\/nvnoticias.mx\/index.php\/wp-json\/wp\/v2\/posts\/107468\/revisions"}],"predecessor-version":[{"id":107470,"href":"https:\/\/nvnoticias.mx\/index.php\/wp-json\/wp\/v2\/posts\/107468\/revisions\/107470"}],"wp:featuredmedia":[{"embeddable":true,"href":"https:\/\/nvnoticias.mx\/index.php\/wp-json\/wp\/v2\/media\/95573"}],"wp:attachment":[{"href":"https:\/\/nvnoticias.mx\/index.php\/wp-json\/wp\/v2\/media?parent=107468"}],"wp:term":[{"taxonomy":"category","embeddable":true,"href":"https:\/\/nvnoticias.mx\/index.php\/wp-json\/wp\/v2\/categories?post=107468"},{"taxonomy":"post_tag","embeddable":true,"href":"https:\/\/nvnoticias.mx\/index.php\/wp-json\/wp\/v2\/tags?post=107468"}],"curies":[{"name":"wp","href":"https:\/\/api.w.org\/{rel}","templated":true}]}}