{"id":107459,"date":"2023-05-22T11:24:37","date_gmt":"2023-05-22T16:24:37","guid":{"rendered":"https:\/\/nvnoticias.mx\/?p=107459"},"modified":"2023-05-22T11:24:37","modified_gmt":"2023-05-22T16:24:37","slug":"amlo-esta-atrapado-en-ideas-rancias-de-subsidios-y-monopolios-anaya","status":"publish","type":"post","link":"https:\/\/nvnoticias.mx\/index.php\/2023\/05\/22\/amlo-esta-atrapado-en-ideas-rancias-de-subsidios-y-monopolios-anaya\/","title":{"rendered":"AMLO est\u00e1 atrapado en ideas rancias de subsidios y monopolios: Anaya"},"content":{"rendered":"\n<p>Ricardo Anaya critic\u00f3 que ya han pasado casi cinco a\u00f1os de mentiras y promesas incumplidas del presidente Andr\u00e9s Manuel L\u00f3pez Obrador, como el hecho de que no ha podido bajar el precio de la gasolina como asegur\u00f3 que lo har\u00eda si llegaba al poder.<\/p>\n\n\n\n<blockquote class=\"wp-block-quote is-layout-flow wp-block-quote-is-layout-flow\"><p>\u201c\u00bfTe acuerdas que L\u00f3pez Obrador dijo que iba a costar 10 pesos el litro? Pues hoy en promedio est\u00e1 en 22 pesos, o sea, m\u00e1s del doble; eso se llama mentir, eso se llama enga\u00f1ar a la gente para obtener su voto\u201d, consider\u00f3.<\/p><\/blockquote>\n\n\n\n<p>El panista tambi\u00e9n record\u00f3 lo acontecido durante la visita de L\u00f3pez Obrador a Washington en julio de 2022, tras no haber asistido a la Cumbre de las Am\u00e9ricas por defender al gobierno cubano, cuando presumi\u00f3 ante Joe Biden, presidente de Estados Unidos, que en ese momento la gasolina estaba m\u00e1s barata en M\u00e9xico que en su pa\u00eds y sus ciudadanos que viven en la frontera cargaban sus tanques del lado azteca.<\/p>\n\n\n\n<blockquote class=\"wp-block-quote is-layout-flow wp-block-quote-is-layout-flow\"><p>\u201cLo que dijo el presidente de M\u00e9xico fue, a todas luces, una tonter\u00eda. Primero, porque no tiene sentido usar el dinero de tus impuestos para regal\u00e1rselo a los estadounidenses a trav\u00e9s de un subsidio, y que les cueste m\u00e1s barata la gasolina. Pero lo m\u00e1s grave de lo que dijo, es que vuelve a demostrar que no entiende c\u00f3mo funciona el mundo y c\u00f3mo funciona la econom\u00eda\u201d, asegur\u00f3 Anaya.<\/p><\/blockquote>\n\n\n\n<p>El panista reiter\u00f3 que L\u00f3pez Obrador sigue viviendo en la \u00e9poca de los setenta con estrategias econ\u00f3micas que no ayudan para nada.<\/p>\n\n\n\n<blockquote class=\"wp-block-quote is-layout-flow wp-block-quote-is-layout-flow\"><p>\u201cEst\u00e1 atrapado en los a\u00f1os setenta, en ideas rancias como el control de precios, los subsidios, los monopolios. En cambio, en los pa\u00edses que creen en el mercado, en la libre competencia, en promover la inversi\u00f3n, pues las cosas les terminan saliendo mejor, y para muestra un bot\u00f3n. Hoy la gasolina en Texas, por ejemplo, est\u00e1 al equivalente de 14 pesos, y en M\u00e9xico est\u00e1 en 22, lo cual quiere decir que mientras L\u00f3pez Obrador jugaba a los subsidios, ellos estaban arreglando el problema de fondo\u201d, explic\u00f3.<\/p><\/blockquote>\n\n\n\n<p>Por \u00faltimo, Anaya hizo un llamado nuevamente para votar por la oposici\u00f3n en las elecciones presidenciables del pr\u00f3ximo a\u00f1o.<\/p>\n\n\n\n<blockquote class=\"wp-block-quote is-layout-flow wp-block-quote-is-layout-flow\"><p>\u201cEn 2024 tenemos que salir a votar masivamente y con esperanza, para corregir el rumbo y construir el futuro de paz y de oportunidades que todas y todos merecemos\u201d, dijo.<\/p><\/blockquote>\n\n\n\n<p>Fuente: <a href=\"https:\/\/www.forbes.com.mx\/amlo-esta-atrapado-en-ideas-rancias-de-subsidios-y-monopolios-no-entiende-como-funciona-la-economia-anaya\/\" data-type=\"URL\" data-id=\"https:\/\/www.forbes.com.mx\/amlo-esta-atrapado-en-ideas-rancias-de-subsidios-y-monopolios-no-entiende-como-funciona-la-economia-anaya\/\">Forbes<\/a> <\/p>\n","protected":false},"excerpt":{"rendered":"<p>Ricardo Anaya critic\u00f3 que ya han pasado casi cinco a\u00f1os de mentiras y promesas incumplidas del presidente Andr\u00e9s Manuel L\u00f3pez Obrador, como el hecho de que no ha podido bajar el precio de la gasolina como asegur\u00f3 que lo har\u00eda si llegaba al poder. \u201c\u00bfTe acuerdas que L\u00f3pez Obrador dijo que iba a costar 10 [&hellip;]<\/p>\n","protected":false},"author":35,"featured_media":59342,"comment_status":"open","ping_status":"open","sticky":false,"template":"","format":"standard","meta":{"_monsterinsights_skip_tracking":false,"_monsterinsights_sitenote_active":false,"_monsterinsights_sitenote_note":"","_monsterinsights_sitenote_category":0,"footnotes":""},"categories":[158],"tags":[188,20211,10105,25278,24890,509,2460],"class_list":["post-107459","post","type-post","status-publish","format-standard","has-post-thumbnail","hentry","category-politica","tag-amlo","tag-atrapado","tag-ideas","tag-monopolis","tag-rancias","tag-ricardo-anaya","tag-subsidios","wp-image-borders"],"amp_enabled":true,"_links":{"self":[{"href":"https:\/\/nvnoticias.mx\/index.php\/wp-json\/wp\/v2\/posts\/107459","targetHints":{"allow":["GET"]}}],"collection":[{"href":"https:\/\/nvnoticias.mx\/index.php\/wp-json\/wp\/v2\/posts"}],"about":[{"href":"https:\/\/nvnoticias.mx\/index.php\/wp-json\/wp\/v2\/types\/post"}],"author":[{"embeddable":true,"href":"https:\/\/nvnoticias.mx\/index.php\/wp-json\/wp\/v2\/users\/35"}],"replies":[{"embeddable":true,"href":"https:\/\/nvnoticias.mx\/index.php\/wp-json\/wp\/v2\/comments?post=107459"}],"version-history":[{"count":4,"href":"https:\/\/nvnoticias.mx\/index.php\/wp-json\/wp\/v2\/posts\/107459\/revisions"}],"predecessor-version":[{"id":107463,"href":"https:\/\/nvnoticias.mx\/index.php\/wp-json\/wp\/v2\/posts\/107459\/revisions\/107463"}],"wp:featuredmedia":[{"embeddable":true,"href":"https:\/\/nvnoticias.mx\/index.php\/wp-json\/wp\/v2\/media\/59342"}],"wp:attachment":[{"href":"https:\/\/nvnoticias.mx\/index.php\/wp-json\/wp\/v2\/media?parent=107459"}],"wp:term":[{"taxonomy":"category","embeddable":true,"href":"https:\/\/nvnoticias.mx\/index.php\/wp-json\/wp\/v2\/categories?post=107459"},{"taxonomy":"post_tag","embeddable":true,"href":"https:\/\/nvnoticias.mx\/index.php\/wp-json\/wp\/v2\/tags?post=107459"}],"curies":[{"name":"wp","href":"https:\/\/api.w.org\/{rel}","templated":true}]}}