{"id":107450,"date":"2023-05-22T11:13:10","date_gmt":"2023-05-22T16:13:10","guid":{"rendered":"https:\/\/nvnoticias.mx\/?p=107450"},"modified":"2023-05-22T11:13:11","modified_gmt":"2023-05-22T16:13:11","slug":"acusan-a-autoridades-de-veracruz-de-incurrir-en-apologia-del-delito-durante-protesta-ante-scjn","status":"publish","type":"post","link":"https:\/\/nvnoticias.mx\/index.php\/2023\/05\/22\/acusan-a-autoridades-de-veracruz-de-incurrir-en-apologia-del-delito-durante-protesta-ante-scjn\/","title":{"rendered":"Acusan a autoridades de Veracruz de incurrir en apolog\u00eda del delito durante protesta ante SCJN"},"content":{"rendered":"\n<p><strong>Sam Ojeda | NV Noticias<\/strong> <\/p>\n\n\n\n<p>Xalapa.- Representantes del Sistema Estatal para Prevenir, Atender, Sancionar y Erradicar la Violencia contra las Mujeres afirmaron que autoridades del Gobierno de Veracruz incurrieron en apolog\u00eda del delito durante la concentraci\u00f3n afuera de las instalaciones de la Suprema Corte de Justicia de la Naci\u00f3n (SCJN) ocurrida durante este fin de semana.<\/p>\n\n\n\n<p>En conferencia de prensa, la integrante de este sistema, Miriam Lagunes, se\u00f1al\u00f3 que en la concentraci\u00f3n convocada por el gobernador Cuitl\u00e1huac Garc\u00eda Jim\u00e9nez, el secretario de Gobierno, Eric Cisneros Burgos, incurri\u00f3 en apolog\u00eda del delito al cargar la representaci\u00f3n de un ata\u00fad con la imagen de la magistrada presidenta de la Suprema Corte, Norma Pi\u00f1a.<\/p>\n\n\n\n<p>Dijo que esto es muestra de que quien preside el Sistema Estatal para Prevenir, Atender, Sancionar y Erradicar la Violencia contra las Mujeres no respeta la ley, especialmente en un pa\u00eds y en un estado en el que los feminicidios son un grave problema.<\/p>\n\n\n\n<blockquote class=\"wp-block-quote is-layout-flow wp-block-quote-is-layout-flow\"><p>\u201cEn la imagen se puede apreciar al Secretario de Gobierno cargando un ata\u00fad con el rostro de la ministra Norma Pi\u00f1a y con una cruz con su nombre escrito. Es muy grave que quien preside este sistema ignore los tratados internacionales en los que M\u00e9xico se compromete a tomar medidas para erradicar violencia de g\u00e9nero\u201d, acus\u00f3.<\/p><\/blockquote>\n\n\n\n<p>Abund\u00f3 que resultan preocupantes las manifestaciones de odio en las que funcionarios p\u00fablicos de Veracruz fueron part\u00edcipes en la concentraci\u00f3n afuera de las instalaciones de la Suprema Corte el pasado fin de semana.<\/p>\n\n\n\n<p>Y se\u00f1al\u00f3 que este tipo de acciones tendr\u00edan que ser sancionadas para garantizar que no se vuelva a incurrir en estos hechos. Por ello pidieron a diversos organismos que hagan un exhorto al Gobierno de Veracruz, como en el caso de la Comisi\u00f3n Nacional para Prevenir y Erradicar la Violencia contra las Mujeres (Conavim), as\u00ed como el Instituto Nacional de las Mujeres (Inmujeres) y las Comisiones Nacional y Estatal de Derechos Humanos.<\/p>\n","protected":false},"excerpt":{"rendered":"<p>Sam Ojeda | NV Noticias Xalapa.- Representantes del Sistema Estatal para Prevenir, Atender, Sancionar y Erradicar la Violencia contra las Mujeres afirmaron que autoridades del Gobierno de Veracruz incurrieron en apolog\u00eda del delito durante la concentraci\u00f3n afuera de las instalaciones de la Suprema Corte de Justicia de la Naci\u00f3n (SCJN) ocurrida durante este fin de [&hellip;]<\/p>\n","protected":false},"author":35,"featured_media":107451,"comment_status":"open","ping_status":"open","sticky":false,"template":"","format":"standard","meta":{"_monsterinsights_skip_tracking":false,"_monsterinsights_sitenote_active":false,"_monsterinsights_sitenote_note":"","_monsterinsights_sitenote_category":0,"footnotes":""},"categories":[156],"tags":[9000,8471,3407,4234,9148,25276,162,3492,3194,180],"class_list":["post-107450","post","type-post","status-publish","format-standard","has-post-thumbnail","hentry","category-estado","tag-acusan","tag-apologia","tag-autoridades","tag-delito","tag-durante","tag-incurrir","tag-portada","tag-protesta","tag-scjn","tag-veracruz","wp-image-borders"],"amp_enabled":true,"_links":{"self":[{"href":"https:\/\/nvnoticias.mx\/index.php\/wp-json\/wp\/v2\/posts\/107450","targetHints":{"allow":["GET"]}}],"collection":[{"href":"https:\/\/nvnoticias.mx\/index.php\/wp-json\/wp\/v2\/posts"}],"about":[{"href":"https:\/\/nvnoticias.mx\/index.php\/wp-json\/wp\/v2\/types\/post"}],"author":[{"embeddable":true,"href":"https:\/\/nvnoticias.mx\/index.php\/wp-json\/wp\/v2\/users\/35"}],"replies":[{"embeddable":true,"href":"https:\/\/nvnoticias.mx\/index.php\/wp-json\/wp\/v2\/comments?post=107450"}],"version-history":[{"count":2,"href":"https:\/\/nvnoticias.mx\/index.php\/wp-json\/wp\/v2\/posts\/107450\/revisions"}],"predecessor-version":[{"id":107453,"href":"https:\/\/nvnoticias.mx\/index.php\/wp-json\/wp\/v2\/posts\/107450\/revisions\/107453"}],"wp:featuredmedia":[{"embeddable":true,"href":"https:\/\/nvnoticias.mx\/index.php\/wp-json\/wp\/v2\/media\/107451"}],"wp:attachment":[{"href":"https:\/\/nvnoticias.mx\/index.php\/wp-json\/wp\/v2\/media?parent=107450"}],"wp:term":[{"taxonomy":"category","embeddable":true,"href":"https:\/\/nvnoticias.mx\/index.php\/wp-json\/wp\/v2\/categories?post=107450"},{"taxonomy":"post_tag","embeddable":true,"href":"https:\/\/nvnoticias.mx\/index.php\/wp-json\/wp\/v2\/tags?post=107450"}],"curies":[{"name":"wp","href":"https:\/\/api.w.org\/{rel}","templated":true}]}}