{"id":107442,"date":"2023-05-22T11:01:16","date_gmt":"2023-05-22T16:01:16","guid":{"rendered":"https:\/\/nvnoticias.mx\/?p=107442"},"modified":"2023-05-22T11:01:18","modified_gmt":"2023-05-22T16:01:18","slug":"no-es-expropiacion-es-recuperacion-de-una-concesion-amlo-sobre-vias-de-ferrosur","status":"publish","type":"post","link":"https:\/\/nvnoticias.mx\/index.php\/2023\/05\/22\/no-es-expropiacion-es-recuperacion-de-una-concesion-amlo-sobre-vias-de-ferrosur\/","title":{"rendered":"No es \u2018expropiaci\u00f3n\u2019 es recuperaci\u00f3n de una concesi\u00f3n: AMLO sobre v\u00edas de Ferrosur"},"content":{"rendered":"\n<p>El presidente Andr\u00e9s Manuel L\u00f3pez Obrador asegur\u00f3 que la\u00a0toma de v\u00edas de Ferrosur\u00a0por parte de la\u00a0Marina\u00a0es una \u201c<strong>recuperaci\u00f3n de una concesi\u00f3n<\/strong>\u201d y no una \u2018expropiaci\u00f3n\u2019 -como reclaman sus adversarios y la\u00a0iniciativa privada-; adem\u00e1s de ser\u00a0<strong>completamente constitucional<\/strong>\u00a0y\u00a0<strong>legal<\/strong>.<\/p>\n\n\n\n<p>Cuestionado sobre este tema, el mandatario mexicano no especific\u00f3 cu\u00e1nto tiempo durar\u00e1 la toma de las v\u00edas; sin embargo, dijo que todo depende de \u201cla\u00a0<strong>actitud de la empresa<\/strong>\u201d.<\/p>\n\n\n\n<blockquote class=\"wp-block-quote is-layout-flow wp-block-quote-is-layout-flow\"><p>\u201c\u00bf<strong>Qu\u00e9 es expropiar<\/strong>?<strong>\u00a0Lo que es de propiedad privada<\/strong>.\u00a0<strong>Es muy distinto el recuperar una concesi\u00f3n<\/strong>,\u00a0<strong>que es de la Naci\u00f3n<\/strong>\u201d, sentenci\u00f3 AMLO.<\/p><\/blockquote>\n\n\n\n<blockquote class=\"wp-block-quote is-layout-flow wp-block-quote-is-layout-flow\"><p>\u201cNo queremos que en el futuro se privatice todo esto que se est\u00e1 haciendo, que son obras p\u00fablicas muy importantes para el desarrollo del sureste. Les tenemos que dejar garantizado un futuro de justicia a las nuevas generaciones\u201d, a\u00f1adi\u00f3.<\/p><\/blockquote>\n\n\n\n<p>Fuente:<a href=\"https:\/\/www.elfinanciero.com.mx\/nacional\/2023\/05\/22\/amlo-mananera-temas-hoy-22-mayo-2023-en-vivo\/\" data-type=\"URL\" data-id=\"https:\/\/www.elfinanciero.com.mx\/nacional\/2023\/05\/22\/amlo-mananera-temas-hoy-22-mayo-2023-en-vivo\/\"> El Financiero<\/a> <\/p>\n","protected":false},"excerpt":{"rendered":"<p>El presidente Andr\u00e9s Manuel L\u00f3pez Obrador asegur\u00f3 que la\u00a0toma de v\u00edas de Ferrosur\u00a0por parte de la\u00a0Marina\u00a0es una \u201crecuperaci\u00f3n de una concesi\u00f3n\u201d y no una \u2018expropiaci\u00f3n\u2019 -como reclaman sus adversarios y la\u00a0iniciativa privada-; adem\u00e1s de ser\u00a0completamente constitucional\u00a0y\u00a0legal. Cuestionado sobre este tema, el mandatario mexicano no especific\u00f3 cu\u00e1nto tiempo durar\u00e1 la toma de las v\u00edas; sin embargo, [&hellip;]<\/p>\n","protected":false},"author":35,"featured_media":16512,"comment_status":"open","ping_status":"open","sticky":false,"template":"","format":"standard","meta":{"_monsterinsights_skip_tracking":false,"_monsterinsights_sitenote_active":false,"_monsterinsights_sitenote_note":"","_monsterinsights_sitenote_category":0,"footnotes":""},"categories":[157],"tags":[188,6352,4501,25274,2631],"class_list":["post-107442","post","type-post","status-publish","format-standard","has-post-thumbnail","hentry","category-nacional","tag-amlo","tag-concesion","tag-ferrosur","tag-no-es-expropiacion","tag-recuperacion","wp-image-borders"],"amp_enabled":true,"_links":{"self":[{"href":"https:\/\/nvnoticias.mx\/index.php\/wp-json\/wp\/v2\/posts\/107442","targetHints":{"allow":["GET"]}}],"collection":[{"href":"https:\/\/nvnoticias.mx\/index.php\/wp-json\/wp\/v2\/posts"}],"about":[{"href":"https:\/\/nvnoticias.mx\/index.php\/wp-json\/wp\/v2\/types\/post"}],"author":[{"embeddable":true,"href":"https:\/\/nvnoticias.mx\/index.php\/wp-json\/wp\/v2\/users\/35"}],"replies":[{"embeddable":true,"href":"https:\/\/nvnoticias.mx\/index.php\/wp-json\/wp\/v2\/comments?post=107442"}],"version-history":[{"count":4,"href":"https:\/\/nvnoticias.mx\/index.php\/wp-json\/wp\/v2\/posts\/107442\/revisions"}],"predecessor-version":[{"id":107446,"href":"https:\/\/nvnoticias.mx\/index.php\/wp-json\/wp\/v2\/posts\/107442\/revisions\/107446"}],"wp:featuredmedia":[{"embeddable":true,"href":"https:\/\/nvnoticias.mx\/index.php\/wp-json\/wp\/v2\/media\/16512"}],"wp:attachment":[{"href":"https:\/\/nvnoticias.mx\/index.php\/wp-json\/wp\/v2\/media?parent=107442"}],"wp:term":[{"taxonomy":"category","embeddable":true,"href":"https:\/\/nvnoticias.mx\/index.php\/wp-json\/wp\/v2\/categories?post=107442"},{"taxonomy":"post_tag","embeddable":true,"href":"https:\/\/nvnoticias.mx\/index.php\/wp-json\/wp\/v2\/tags?post=107442"}],"curies":[{"name":"wp","href":"https:\/\/api.w.org\/{rel}","templated":true}]}}