{"id":107364,"date":"2023-05-21T13:09:00","date_gmt":"2023-05-21T18:09:00","guid":{"rendered":"https:\/\/nvnoticias.mx\/?p=107364"},"modified":"2023-05-21T13:09:01","modified_gmt":"2023-05-21T18:09:01","slug":"veracruz-un-lastre-para-el-crecimiento-y-desarrollo-de-mexico","status":"publish","type":"post","link":"https:\/\/nvnoticias.mx\/index.php\/2023\/05\/21\/veracruz-un-lastre-para-el-crecimiento-y-desarrollo-de-mexico\/","title":{"rendered":"Veracruz, un lastre para el crecimiento y desarrollo de M\u00e9xico"},"content":{"rendered":"\n<p><strong>Por: Mois\u00e9s Hern\u00e1ndez Yoldi<\/strong><\/p>\n\n\n\n<p>En 2022, el Estado de Veracruz sufri\u00f3 un retroceso econ\u00f3mico de 1.5%.<\/p>\n\n\n\n<p>En su reporte, el Observatorio de Finanzas Publicas (OFP), inform\u00f3 que la econom\u00eda veracruzana sufri\u00f3 un retroceso productivo al registrar una ca\u00edda de -1.5% durante el 2022.<\/p>\n\n\n\n<p>Este resultado ubica a Veracruz en el lugar 29 entre los estados con peor desempe\u00f1o econ\u00f3mico, lo cual contrasta con los resultados obtenidos por:<\/p>\n\n\n\n<p>Oaxaca +13%<br>Quintana Roo +10%<br>Hidalgo +9.5%<br>Tabasco +7.4%<br>Puebla + 5.9%<\/p>\n\n\n\n<p>Por sectores de actividad se observa que las Actividades primarias (agropecuarias) tuvieron un decrecimiento de -0.7% en el mismo a\u00f1o de referencia.<\/p>\n\n\n\n<p>Ello ubica a Veracruz en el lugar 27 entre los estados de menor crecimiento en este sector, muy lejos de:<\/p>\n\n\n\n<p>Tamaulipas +35.8%<br>Colima +24.2,%<br>Baja California +21.7%<br>Sonora +21.2%<br>Quintana Roo +14.3%.<\/p>\n\n\n\n<p>En el Sector secundario, que agrupa las actividades industriales, la ca\u00edda de la producci\u00f3n en Veracruz fue de -8%, lo cual sit\u00faa al estado en el lugar 29 entre los estados m\u00e1s rezagados del pa\u00eds.<\/p>\n\n\n\n<p>En contraste, otros estados tuvieron resultados positivos en la actividad industrial crecieron 46.2%:<\/p>\n\n\n\n<p>Quintana Roo +36.4%<br>Hidalgo +21.8<br>Chiapas +18.6% y<br>Baja California Sur + 17.1%<\/p>\n\n\n\n<p>El p\u00e9simo desempe\u00f1o econ\u00f3mico del Estado de Veracruz, es el resultado de la ausencia de pol\u00edticas p\u00fablicas capaces de promover e incentivar la inversi\u00f3n, as\u00ed como el reflejo de la deteriorada relaci\u00f3n entre gobierno e iniciativa privada.<\/p>\n\n\n\n<p>Veracruz est\u00e1 dejando pasar una gran oportunidad de desarrollo y crecimiento en este sexenio, oportunidad que est\u00e1 siendo tomada por otros estados, donde el liderazgo y visi\u00f3n de mediano y largo plazo les est\u00e1 permitiendo atraer capitales e inversi\u00f3n, que buscan establecerse en M\u00e9xico aprovechando las condiciones globales de relocalizaci\u00f3n (nearshoring).<\/p>\n\n\n\n<p>Mientras esto ocurre en materia econ\u00f3mica, el Gobierno del Estado de Veracruz contin\u00faa incurriendo en subejercicios y devolviendo dinero presupuestado que no ejerce de manera inexplicable.<\/p>\n\n\n\n<p>En un discurso que raya en lo demencial, en el gobierno del Estado llaman a este sub ejercicio \u201cahorro\u201d, cuando en realidad se trata de un grave problema en el ejercicio de las funciones por parte de quienes hoy ocupan un cargo p\u00fablico.<\/p>\n\n\n\n<p>Ante este terrible escenario, el gobernador se mantiene ocupado en su activismo pol\u00edtico protestando y arengando al \u201cpueblo\u201d en vs de la SCJN.<\/p>\n\n\n\n<p>Dato duro: En 2022 el subejercicio fue de casi 3 mil mdp tan solo en obra p\u00fablica.<\/p>\n\n\n\n<p>Referencia: el 13 de marzo pasado, el secretario de Finanzas y Planeaci\u00f3n, Jos\u00e9 Luis Lima Franco, reconoci\u00f3 en rueda de prensa y con la presencia del gobernador Cuitl\u00e1huac Garc\u00eda Jim\u00e9nez, que casi la totalidad de los 2 mil 800 millones de pesos de subejercicio del presupuesto de 2022 corresponden a recursos federales destinados a obra p\u00fablica en Veracruz.<\/p>\n","protected":false},"excerpt":{"rendered":"<p>Por: Mois\u00e9s Hern\u00e1ndez Yoldi En 2022, el Estado de Veracruz sufri\u00f3 un retroceso econ\u00f3mico de 1.5%. En su reporte, el Observatorio de Finanzas Publicas (OFP), inform\u00f3 que la econom\u00eda veracruzana sufri\u00f3 un retroceso productivo al registrar una ca\u00edda de -1.5% durante el 2022. Este resultado ubica a Veracruz en el lugar 29 entre los estados [&hellip;]<\/p>\n","protected":false},"author":11,"featured_media":107365,"comment_status":"open","ping_status":"open","sticky":false,"template":"","format":"standard","meta":{"_monsterinsights_skip_tracking":false,"_monsterinsights_sitenote_active":false,"_monsterinsights_sitenote_note":"","_monsterinsights_sitenote_category":0,"footnotes":""},"categories":[429],"tags":[430],"class_list":["post-107364","post","type-post","status-publish","format-standard","has-post-thumbnail","hentry","category-artillero","tag-moises-hernandez-yoldi","wp-image-borders"],"amp_enabled":true,"_links":{"self":[{"href":"https:\/\/nvnoticias.mx\/index.php\/wp-json\/wp\/v2\/posts\/107364","targetHints":{"allow":["GET"]}}],"collection":[{"href":"https:\/\/nvnoticias.mx\/index.php\/wp-json\/wp\/v2\/posts"}],"about":[{"href":"https:\/\/nvnoticias.mx\/index.php\/wp-json\/wp\/v2\/types\/post"}],"author":[{"embeddable":true,"href":"https:\/\/nvnoticias.mx\/index.php\/wp-json\/wp\/v2\/users\/11"}],"replies":[{"embeddable":true,"href":"https:\/\/nvnoticias.mx\/index.php\/wp-json\/wp\/v2\/comments?post=107364"}],"version-history":[{"count":1,"href":"https:\/\/nvnoticias.mx\/index.php\/wp-json\/wp\/v2\/posts\/107364\/revisions"}],"predecessor-version":[{"id":107366,"href":"https:\/\/nvnoticias.mx\/index.php\/wp-json\/wp\/v2\/posts\/107364\/revisions\/107366"}],"wp:featuredmedia":[{"embeddable":true,"href":"https:\/\/nvnoticias.mx\/index.php\/wp-json\/wp\/v2\/media\/107365"}],"wp:attachment":[{"href":"https:\/\/nvnoticias.mx\/index.php\/wp-json\/wp\/v2\/media?parent=107364"}],"wp:term":[{"taxonomy":"category","embeddable":true,"href":"https:\/\/nvnoticias.mx\/index.php\/wp-json\/wp\/v2\/categories?post=107364"},{"taxonomy":"post_tag","embeddable":true,"href":"https:\/\/nvnoticias.mx\/index.php\/wp-json\/wp\/v2\/tags?post=107364"}],"curies":[{"name":"wp","href":"https:\/\/api.w.org\/{rel}","templated":true}]}}