{"id":107287,"date":"2023-05-20T18:46:06","date_gmt":"2023-05-20T23:46:06","guid":{"rendered":"https:\/\/nvnoticias.mx\/?p=107287"},"modified":"2023-05-20T18:46:07","modified_gmt":"2023-05-20T23:46:07","slug":"inundaciones-en-italia-dejan-mas-de-36-mil-personas-desplazadas","status":"publish","type":"post","link":"https:\/\/nvnoticias.mx\/index.php\/2023\/05\/20\/inundaciones-en-italia-dejan-mas-de-36-mil-personas-desplazadas\/","title":{"rendered":"Inundaciones en Italia dejan m\u00e1s de 36 mil personas desplazadas"},"content":{"rendered":"\n<p>M\u00e1s de\u00a036 mil personas resultaron desplazadas\u00a0de sus casas por las\u00a0inundaciones\u00a0de esta semana en el noreste de\u00a0Italia, informaron el s\u00e1bado funcionarios regionales.<\/p>\n\n\n\n<p>Por lo menos unos 20 r\u00edos se salieron de sus cauces a causa de las lluvias en las llanuras de\u00a0Emilia-Roma\u00f1a, donde viven 4.5 millones de personas.<\/p>\n\n\n\n<p>Las lluvias torrenciales que cayeron en la regi\u00f3n en los \u00faltimos d\u00edas, tambi\u00e9n provocaron deslizamientos de tierra, seg\u00fan las autoridades regionales. El agua cubri\u00f3 inmensas superficies agr\u00edcolas y destruy\u00f3 cultivos.<\/p>\n\n\n\n<p>Seg\u00fan balances de los medios de comunicaci\u00f3n 14 personas fallecieron.<\/p>\n\n\n\n<p>Debido a que siguen las lluvias, las autoridades regionales ampliaron la\u00a0alerta roja\u00a0hasta el domingo.<\/p>\n\n\n\n<h4 class=\"wp-block-heading\">Primera ministra de Italia deja antes cumbre del G7 por la emergencia<\/h4>\n\n\n\n<p>La primera ministra\u00a0Giorgia Meloni\u00a0dijo el s\u00e1bado que regresar\u00e1 m\u00e1s temprano de la\u00a0cumbre del G7\u00a0en Jap\u00f3n debido a la emergencia.<\/p>\n\n\n\n<blockquote class=\"wp-block-quote is-layout-flow wp-block-quote-is-layout-flow\"><p>&#8220;<em>Francamente no puedo quedarme m\u00e1s lejos de Italia en este complejo momento<\/em>&#8220;, dijo a los periodistas, y agradeci\u00f3 a 5 mil personas, desde rescatistas a voluntarios que se movilizaron para ayudar a los\u00a0damnificados.<\/p><\/blockquote>\n\n\n\n<p>Tambi\u00e9n agradeci\u00f3 a los dirigentes del\u00a0G7\u00a0por ofrecer ayuda.<\/p>\n\n\n\n<p>Se espera que Meloni visite el domingo las zonas m\u00e1s afectadas.<\/p>\n\n\n\n<p>Las autoridades en Ravena ordenaron el s\u00e1bado la\u00a0inmediata evacuaci\u00f3n\u00a0de las aldeas que corren m\u00e1s riesgos por los deslizamientos.<\/p>\n\n\n\n<p>Un helic\u00f3ptero utilizado para trabajar en el restablecimiento del servicio el\u00e9ctrico se accident\u00f3 el s\u00e1bado cerca de Lugo, y una de las cuatro personas que iban all\u00ed result\u00f3 herida, seg\u00fan los bomberos.<\/p>\n\n\n\n<p>Las inundaciones causaron m\u00e1s de 305 deslizamientos y afectaron m\u00e1s de 500 carreteras en la regi\u00f3n.<\/p>\n\n\n\n<p>El alcalde de Bologna Matteo Lepore dijo el s\u00e1bado que tomar\u00e1 &#8220;meses, y en algunos lugares hasta a\u00f1os&#8221; reparar carreteras e infraestructuras. <\/p>\n\n\n\n<p>Fuente: <a href=\"https:\/\/www.eluniversal.com.mx\/mundo\/inundaciones-en-italia-dejan-mas-de-36-mil-personas-desplazadas\/\">El Universal<\/a><\/p>\n","protected":false},"excerpt":{"rendered":"<p>M\u00e1s de\u00a036 mil personas resultaron desplazadas\u00a0de sus casas por las\u00a0inundaciones\u00a0de esta semana en el noreste de\u00a0Italia, informaron el s\u00e1bado funcionarios regionales. Por lo menos unos 20 r\u00edos se salieron de sus cauces a causa de las lluvias en las llanuras de\u00a0Emilia-Roma\u00f1a, donde viven 4.5 millones de personas. Las lluvias torrenciales que cayeron en la regi\u00f3n [&hellip;]<\/p>\n","protected":false},"author":8,"featured_media":107288,"comment_status":"open","ping_status":"open","sticky":false,"template":"","format":"standard","meta":{"_monsterinsights_skip_tracking":false,"_monsterinsights_sitenote_active":false,"_monsterinsights_sitenote_note":"","_monsterinsights_sitenote_category":0,"footnotes":""},"categories":[181],"tags":[1183,864],"class_list":["post-107287","post","type-post","status-publish","format-standard","has-post-thumbnail","hentry","category-internacional","tag-inundaciones","tag-italia","wp-image-borders"],"amp_enabled":true,"_links":{"self":[{"href":"https:\/\/nvnoticias.mx\/index.php\/wp-json\/wp\/v2\/posts\/107287","targetHints":{"allow":["GET"]}}],"collection":[{"href":"https:\/\/nvnoticias.mx\/index.php\/wp-json\/wp\/v2\/posts"}],"about":[{"href":"https:\/\/nvnoticias.mx\/index.php\/wp-json\/wp\/v2\/types\/post"}],"author":[{"embeddable":true,"href":"https:\/\/nvnoticias.mx\/index.php\/wp-json\/wp\/v2\/users\/8"}],"replies":[{"embeddable":true,"href":"https:\/\/nvnoticias.mx\/index.php\/wp-json\/wp\/v2\/comments?post=107287"}],"version-history":[{"count":1,"href":"https:\/\/nvnoticias.mx\/index.php\/wp-json\/wp\/v2\/posts\/107287\/revisions"}],"predecessor-version":[{"id":107289,"href":"https:\/\/nvnoticias.mx\/index.php\/wp-json\/wp\/v2\/posts\/107287\/revisions\/107289"}],"wp:featuredmedia":[{"embeddable":true,"href":"https:\/\/nvnoticias.mx\/index.php\/wp-json\/wp\/v2\/media\/107288"}],"wp:attachment":[{"href":"https:\/\/nvnoticias.mx\/index.php\/wp-json\/wp\/v2\/media?parent=107287"}],"wp:term":[{"taxonomy":"category","embeddable":true,"href":"https:\/\/nvnoticias.mx\/index.php\/wp-json\/wp\/v2\/categories?post=107287"},{"taxonomy":"post_tag","embeddable":true,"href":"https:\/\/nvnoticias.mx\/index.php\/wp-json\/wp\/v2\/tags?post=107287"}],"curies":[{"name":"wp","href":"https:\/\/api.w.org\/{rel}","templated":true}]}}