{"id":107279,"date":"2023-05-20T18:14:13","date_gmt":"2023-05-20T23:14:13","guid":{"rendered":"https:\/\/nvnoticias.mx\/?p=107279"},"modified":"2023-05-20T18:14:15","modified_gmt":"2023-05-20T23:14:15","slug":"ebrard-inaugura-nuevo-consulado-de-mexico-en-oklahoma-eu","status":"publish","type":"post","link":"https:\/\/nvnoticias.mx\/index.php\/2023\/05\/20\/ebrard-inaugura-nuevo-consulado-de-mexico-en-oklahoma-eu\/","title":{"rendered":"Ebrard inaugura nuevo consulado de M\u00e9xico en Oklahoma, EU"},"content":{"rendered":"\n<p>El secretario de Relaciones Exteriores (SRE), Marcelo Ebrard, inaugur\u00f3 el nuevo consulado de M\u00e9xico en Oklahoma, con el que la red de protecci\u00f3n a los mexicanos en Estados Unidos lleg\u00f3 a 52 oficinas de representaci\u00f3n.<\/p>\n\n\n\n<p>En un bolet\u00edn de prensa, la Secretar\u00eda de Relaciones Exteriores (SRE) inform\u00f3 que el nuevo consulado tiene como objetivo brindar atenci\u00f3n directa a la creciente comunidad mexicana en el estado de Oklahoma, la cual supera las 400 mil personas.<\/p>\n\n\n\n<p>Hasta ahora, la comunidad mexicana en ese estado ten\u00eda que desplazarse por m\u00e1s de cuatro horas para llegar a la oficina consular m\u00e1s cercana.<\/p>\n\n\n\n<p>En la inauguraci\u00f3n de la nueva oficina, el canciller Ebrard explic\u00f3 que el crecimiento de la red consular del gobierno de M\u00e9xico tiene como misi\u00f3n atender y proteger a los mexicanos donde quiera que se encuentren.<\/p>\n\n\n\n<p>El consulado estar\u00e1 a cargo de Edurne Pineda y realizar\u00e1 labores de protecci\u00f3n y documentaci\u00f3n y promover\u00e1 un mayor intercambio econ\u00f3mico, comercial, cultural y tur\u00edstico entre M\u00e9xico y Oklahoma.<\/p>\n\n\n\n<p>Fuente: <a href=\"https:\/\/www.milenio.com\/politica\/sre-marcelo-ebrard-inaugura-nuevo-consulado-de-mexico-en-oklahoma\">Milenio<\/a><\/p>\n","protected":false},"excerpt":{"rendered":"<p>El secretario de Relaciones Exteriores (SRE), Marcelo Ebrard, inaugur\u00f3 el nuevo consulado de M\u00e9xico en Oklahoma, con el que la red de protecci\u00f3n a los mexicanos en Estados Unidos lleg\u00f3 a 52 oficinas de representaci\u00f3n. En un bolet\u00edn de prensa, la Secretar\u00eda de Relaciones Exteriores (SRE) inform\u00f3 que el nuevo consulado tiene como objetivo brindar [&hellip;]<\/p>\n","protected":false},"author":8,"featured_media":107280,"comment_status":"open","ping_status":"open","sticky":false,"template":"","format":"standard","meta":{"_monsterinsights_skip_tracking":false,"_monsterinsights_sitenote_active":false,"_monsterinsights_sitenote_note":"","_monsterinsights_sitenote_category":0,"footnotes":""},"categories":[158],"tags":[25259,391,802],"class_list":["post-107279","post","type-post","status-publish","format-standard","has-post-thumbnail","hentry","category-politica","tag-consulado-de-mexico","tag-marcelo-ebrard","tag-oklahoma","wp-image-borders"],"amp_enabled":true,"_links":{"self":[{"href":"https:\/\/nvnoticias.mx\/index.php\/wp-json\/wp\/v2\/posts\/107279","targetHints":{"allow":["GET"]}}],"collection":[{"href":"https:\/\/nvnoticias.mx\/index.php\/wp-json\/wp\/v2\/posts"}],"about":[{"href":"https:\/\/nvnoticias.mx\/index.php\/wp-json\/wp\/v2\/types\/post"}],"author":[{"embeddable":true,"href":"https:\/\/nvnoticias.mx\/index.php\/wp-json\/wp\/v2\/users\/8"}],"replies":[{"embeddable":true,"href":"https:\/\/nvnoticias.mx\/index.php\/wp-json\/wp\/v2\/comments?post=107279"}],"version-history":[{"count":1,"href":"https:\/\/nvnoticias.mx\/index.php\/wp-json\/wp\/v2\/posts\/107279\/revisions"}],"predecessor-version":[{"id":107281,"href":"https:\/\/nvnoticias.mx\/index.php\/wp-json\/wp\/v2\/posts\/107279\/revisions\/107281"}],"wp:featuredmedia":[{"embeddable":true,"href":"https:\/\/nvnoticias.mx\/index.php\/wp-json\/wp\/v2\/media\/107280"}],"wp:attachment":[{"href":"https:\/\/nvnoticias.mx\/index.php\/wp-json\/wp\/v2\/media?parent=107279"}],"wp:term":[{"taxonomy":"category","embeddable":true,"href":"https:\/\/nvnoticias.mx\/index.php\/wp-json\/wp\/v2\/categories?post=107279"},{"taxonomy":"post_tag","embeddable":true,"href":"https:\/\/nvnoticias.mx\/index.php\/wp-json\/wp\/v2\/tags?post=107279"}],"curies":[{"name":"wp","href":"https:\/\/api.w.org\/{rel}","templated":true}]}}