{"id":107243,"date":"2023-05-19T17:56:50","date_gmt":"2023-05-19T22:56:50","guid":{"rendered":"https:\/\/nvnoticias.mx\/?p=107243"},"modified":"2023-05-19T17:56:51","modified_gmt":"2023-05-19T22:56:51","slug":"reprograman-juego-entre-el-aguila-y-mariachis","status":"publish","type":"post","link":"https:\/\/nvnoticias.mx\/index.php\/2023\/05\/19\/reprograman-juego-entre-el-aguila-y-mariachis\/","title":{"rendered":"Reprograman juego entre El \u00c1guila y Mariachis"},"content":{"rendered":"\n<p>El primer juego de la serie entre El \u00c1guila de Veracruz ante Mariachis en Guadalajara, ha sido reprogramado al s\u00e1bado 20 de mayo a juego doble a partir de las 15:00 horas, debido a la log\u00edstica de viaje del equipo jarocho.<\/p>\n\n\n\n<p>La directiva de Mariachis en anuencia con la Liga Mexicana de Beisbol atendieron la solicitud de la directiva de El \u00c1guila, quienes sufrieron complicaciones con la aerol\u00ednea y su conexi\u00f3n en la Ciudad de M\u00e9xico rumbo a Guadalajara.<\/p>\n\n\n\n<p>La cartelera doble en el Estadio Panamericano comenzar\u00e1 a partir de las 15:00 horas.<\/p>\n","protected":false},"excerpt":{"rendered":"<p>El primer juego de la serie entre El \u00c1guila de Veracruz ante Mariachis en Guadalajara, ha sido reprogramado al s\u00e1bado 20 de mayo a juego doble a partir de las 15:00 horas, debido a la log\u00edstica de viaje del equipo jarocho. La directiva de Mariachis en anuencia con la Liga Mexicana de Beisbol atendieron la [&hellip;]<\/p>\n","protected":false},"author":8,"featured_media":107244,"comment_status":"open","ping_status":"open","sticky":false,"template":"","format":"standard","meta":{"_monsterinsights_skip_tracking":false,"_monsterinsights_sitenote_active":false,"_monsterinsights_sitenote_note":"","_monsterinsights_sitenote_category":0,"footnotes":""},"categories":[159],"tags":[1195,24209,16862],"class_list":["post-107243","post","type-post","status-publish","format-standard","has-post-thumbnail","hentry","category-deportes","tag-el-aguila-de-veracruz","tag-lmb-2023","tag-mariachis-de-guadalajara","wp-image-borders"],"amp_enabled":true,"_links":{"self":[{"href":"https:\/\/nvnoticias.mx\/index.php\/wp-json\/wp\/v2\/posts\/107243","targetHints":{"allow":["GET"]}}],"collection":[{"href":"https:\/\/nvnoticias.mx\/index.php\/wp-json\/wp\/v2\/posts"}],"about":[{"href":"https:\/\/nvnoticias.mx\/index.php\/wp-json\/wp\/v2\/types\/post"}],"author":[{"embeddable":true,"href":"https:\/\/nvnoticias.mx\/index.php\/wp-json\/wp\/v2\/users\/8"}],"replies":[{"embeddable":true,"href":"https:\/\/nvnoticias.mx\/index.php\/wp-json\/wp\/v2\/comments?post=107243"}],"version-history":[{"count":1,"href":"https:\/\/nvnoticias.mx\/index.php\/wp-json\/wp\/v2\/posts\/107243\/revisions"}],"predecessor-version":[{"id":107245,"href":"https:\/\/nvnoticias.mx\/index.php\/wp-json\/wp\/v2\/posts\/107243\/revisions\/107245"}],"wp:featuredmedia":[{"embeddable":true,"href":"https:\/\/nvnoticias.mx\/index.php\/wp-json\/wp\/v2\/media\/107244"}],"wp:attachment":[{"href":"https:\/\/nvnoticias.mx\/index.php\/wp-json\/wp\/v2\/media?parent=107243"}],"wp:term":[{"taxonomy":"category","embeddable":true,"href":"https:\/\/nvnoticias.mx\/index.php\/wp-json\/wp\/v2\/categories?post=107243"},{"taxonomy":"post_tag","embeddable":true,"href":"https:\/\/nvnoticias.mx\/index.php\/wp-json\/wp\/v2\/tags?post=107243"}],"curies":[{"name":"wp","href":"https:\/\/api.w.org\/{rel}","templated":true}]}}