{"id":107225,"date":"2023-05-19T15:40:54","date_gmt":"2023-05-19T20:40:54","guid":{"rendered":"https:\/\/nvnoticias.mx\/?p=107225"},"modified":"2023-05-19T17:47:28","modified_gmt":"2023-05-19T22:47:28","slug":"vecinos-de-colinas-de-santa-fe-exigen-servicios-de-calidad-el-agua-llega-sucia","status":"publish","type":"post","link":"https:\/\/nvnoticias.mx\/index.php\/2023\/05\/19\/vecinos-de-colinas-de-santa-fe-exigen-servicios-de-calidad-el-agua-llega-sucia\/","title":{"rendered":"Vecinos de Colinas de Santa Fe exigen servicios de calidad, el agua llega sucia"},"content":{"rendered":"\n<p><strong>Jes\u00fas Utrilla \/ NV Noticias <\/strong><\/p>\n\n\n\n<p>Habitantes de Colinas de Santa Fe exigieron servicios de calidad. Gloria Dulce Saveedra L\u00f3pez, presidenta de la Asociaci\u00f3n Justicia Proactiva Internacional, dijo que se ampararon y el expediente es el 72\/2022 que fue interpuesto ante el juzgado quinto de distrito.<\/p>\n\n\n\n<blockquote class=\"wp-block-quote is-layout-flow wp-block-quote-is-layout-flow\"><p><em>\u201cLas condiciones en las que viven en este fraccionamiento y los aleda\u00f1os carecen de seguridad, agua casi negras poniendo en riesgo la salud de las personas que viven ah\u00ed, el entorno no id\u00f3neo para un desarrollo libre de la personalidad humana, el derecho a la vivienda digna y decorosa pone en riesgo otros derechos humanos\u201d.<\/em><\/p><\/blockquote>\n\n\n\n<p>Conden\u00f3 que las autoridades permitieran la construcci\u00f3n de Colinas de Santa Fe pues se est\u00e1n violando los derechos de los ciudadanos, ya que dicho lugar no se encuentra municipalizado, no cuenta con servicios de calidad, ni  vigilancia.Son cerca de m\u00e1s de 5 mil familias afectadas y ninguna autoridad actual al respecto, por lo cual buscaron el apoyo de la justicia federal. <\/p>\n\n\n\n<blockquote class=\"wp-block-quote is-layout-flow wp-block-quote-is-layout-flow\"><p><em>\u201cEl Poder Judicial Federal cuando nos diga que realmente fue vulnerado y violado el derecho a la vivienda digna los va a condenar y en este caso el gobierno es el garante, el que debe de tutelar y reparar este derecho y al condenarlo a que pague a trav\u00e9s de las pol\u00edticas que maneje\u201d.<\/em><\/p><\/blockquote>\n\n\n\n<p>Mencion\u00f3 que muchos de los propietarios contin\u00faan pagando los cr\u00e9ditos hipotecarios mismos que estim\u00f3 entre 400 y 600 mil pesos.<\/p>\n","protected":false},"excerpt":{"rendered":"<p>Jes\u00fas Utrilla \/ NV Noticias Habitantes de Colinas de Santa Fe exigieron servicios de calidad. Gloria Dulce Saveedra L\u00f3pez, presidenta de la Asociaci\u00f3n Justicia Proactiva Internacional, dijo que se ampararon y el expediente es el 72\/2022 que fue interpuesto ante el juzgado quinto de distrito. \u201cLas condiciones en las que viven en este fraccionamiento y [&hellip;]<\/p>\n","protected":false},"author":8,"featured_media":107227,"comment_status":"open","ping_status":"open","sticky":false,"template":"","format":"standard","meta":{"_monsterinsights_skip_tracking":false,"_monsterinsights_sitenote_active":false,"_monsterinsights_sitenote_note":"","_monsterinsights_sitenote_category":0,"footnotes":""},"categories":[154],"tags":[25253,2526],"class_list":["post-107225","post","type-post","status-publish","format-standard","has-post-thumbnail","hentry","category-veracruz","tag-agua-sucia","tag-colinas-de-santa-fe","wp-image-borders"],"amp_enabled":true,"_links":{"self":[{"href":"https:\/\/nvnoticias.mx\/index.php\/wp-json\/wp\/v2\/posts\/107225","targetHints":{"allow":["GET"]}}],"collection":[{"href":"https:\/\/nvnoticias.mx\/index.php\/wp-json\/wp\/v2\/posts"}],"about":[{"href":"https:\/\/nvnoticias.mx\/index.php\/wp-json\/wp\/v2\/types\/post"}],"author":[{"embeddable":true,"href":"https:\/\/nvnoticias.mx\/index.php\/wp-json\/wp\/v2\/users\/8"}],"replies":[{"embeddable":true,"href":"https:\/\/nvnoticias.mx\/index.php\/wp-json\/wp\/v2\/comments?post=107225"}],"version-history":[{"count":1,"href":"https:\/\/nvnoticias.mx\/index.php\/wp-json\/wp\/v2\/posts\/107225\/revisions"}],"predecessor-version":[{"id":107228,"href":"https:\/\/nvnoticias.mx\/index.php\/wp-json\/wp\/v2\/posts\/107225\/revisions\/107228"}],"wp:featuredmedia":[{"embeddable":true,"href":"https:\/\/nvnoticias.mx\/index.php\/wp-json\/wp\/v2\/media\/107227"}],"wp:attachment":[{"href":"https:\/\/nvnoticias.mx\/index.php\/wp-json\/wp\/v2\/media?parent=107225"}],"wp:term":[{"taxonomy":"category","embeddable":true,"href":"https:\/\/nvnoticias.mx\/index.php\/wp-json\/wp\/v2\/categories?post=107225"},{"taxonomy":"post_tag","embeddable":true,"href":"https:\/\/nvnoticias.mx\/index.php\/wp-json\/wp\/v2\/tags?post=107225"}],"curies":[{"name":"wp","href":"https:\/\/api.w.org\/{rel}","templated":true}]}}