{"id":107212,"date":"2023-05-19T14:48:46","date_gmt":"2023-05-19T19:48:46","guid":{"rendered":"https:\/\/nvnoticias.mx\/?p=107212"},"modified":"2023-05-19T14:48:47","modified_gmt":"2023-05-19T19:48:47","slug":"jose-valdez-llega-a-el-aguila","status":"publish","type":"post","link":"https:\/\/nvnoticias.mx\/index.php\/2023\/05\/19\/jose-valdez-llega-a-el-aguila\/","title":{"rendered":"Jos\u00e9 Valdez llega a El \u00c1guila"},"content":{"rendered":"\n<p>Un brazo con experiencia en las ligas invernales en Dominicana y Venezuela, adem\u00e1s de China y en M\u00e9xico, es el lanzador Jos\u00e9 Valdez, quien es anunciado como nuevo refuerzo de El \u00c1guila de Veracruz.<\/p>\n\n\n\n<p>La Direcci\u00f3n Deportiva de la organizaci\u00f3n jarocha da a conocer la llegada del serpentinero dominicano Jos\u00e9 Valdez, que se incorporar\u00e1 a la rotaci\u00f3n abridora de El \u00c1guila.<\/p>\n\n\n\n<p>Jos\u00e9 Valdez es un lanzador derecho, de 33 a\u00f1os, originario de San Gregorio, Nizao, Rep\u00fablica Dominicana y se desempe\u00f1a como abridor. <\/p>\n\n\n\n<p>Valdez tiene experiencia en la Liga de Beisbol Profesional de la Rep\u00fablica Dominicana (LIDOM) con Gigantes de Cibao y en Liga Venezolana de Beisbol Profesional (LVBP) con Tigres de Aragua, Cardenales de Lara y Bravos de Margarita.<\/p>\n\n\n\n<p>En M\u00e9xico, Valdez tuvo acci\u00f3n en la Liga Mexicana de Beisbol, en el 2019 con los Diablos Rojos y Rieleros de Aguascalientes y con los Pericos de Puebla en el 2011, con quienes tuvo r\u00e9cord de 6 ganados y un perdido.<\/p>\n\n\n\n<p>Despu\u00e9s de su paso por Pericos, Jos\u00e9 Valdez prob\u00f3 suerte con los Guardianes de Fubon en la Liga de Beisbol Profesional de China (CPBL) en 2022 y dej\u00f3 marca de 2-6.<\/p>\n\n\n\n<p>En el invierno del 2022, Valdez tuvo dos equipos, primero los Bravos de Margarita en Venezuela con r\u00e9cord de 1-4, vio acci\u00f3n en 11 juegos, acept\u00f3 29 imparables, acept\u00f3 24 carreras, de las cuales 21 fueron limpias, toler\u00f3 un jonr\u00f3n, concedi\u00f3 19 pasaportes y ponch\u00f3 a 15 bateadores en 23 entradas, dos tercios de labor.<\/p>\n\n\n\n<p>Y con Gigantes de Cibao en Dominicana, tuvo marca de 0-0, trabaj\u00f3 una entrada, dos tercios, acept\u00f3 dos hits, le hicieron dos carreras, solo una fue limpia y dio cuatro bases por bolas.<\/p>\n\n\n\n<p>Jos\u00e9 Valdez ocupar\u00e1 la plaza de extranjero de Anthony Giansanti y ser\u00e1 activado en el roster en pr\u00f3ximas horas, tambi\u00e9n se da a conocer la baja del mexicano Jaime Lugo.<\/p>\n\n\n\n<p>El \u00c1guila de Veracruz reconoce la entrega y compromiso de Anthony Giansanti por defender los colores de El Glorioso por dos temporadas y le desea el mejor de los \u00e9xitos en sus pr\u00f3ximos compromisos. \u00a1Gracias por todo, \u201cJefe\u201d!.<\/p>\n","protected":false},"excerpt":{"rendered":"<p>Un brazo con experiencia en las ligas invernales en Dominicana y Venezuela, adem\u00e1s de China y en M\u00e9xico, es el lanzador Jos\u00e9 Valdez, quien es anunciado como nuevo refuerzo de El \u00c1guila de Veracruz. La Direcci\u00f3n Deportiva de la organizaci\u00f3n jarocha da a conocer la llegada del serpentinero dominicano Jos\u00e9 Valdez, que se incorporar\u00e1 a [&hellip;]<\/p>\n","protected":false},"author":8,"featured_media":107214,"comment_status":"open","ping_status":"open","sticky":false,"template":"","format":"standard","meta":{"_monsterinsights_skip_tracking":false,"_monsterinsights_sitenote_active":false,"_monsterinsights_sitenote_note":"","_monsterinsights_sitenote_category":0,"footnotes":""},"categories":[159],"tags":[1195,25249],"class_list":["post-107212","post","type-post","status-publish","format-standard","has-post-thumbnail","hentry","category-deportes","tag-el-aguila-de-veracruz","tag-jose-valdez","wp-image-borders"],"amp_enabled":true,"_links":{"self":[{"href":"https:\/\/nvnoticias.mx\/index.php\/wp-json\/wp\/v2\/posts\/107212","targetHints":{"allow":["GET"]}}],"collection":[{"href":"https:\/\/nvnoticias.mx\/index.php\/wp-json\/wp\/v2\/posts"}],"about":[{"href":"https:\/\/nvnoticias.mx\/index.php\/wp-json\/wp\/v2\/types\/post"}],"author":[{"embeddable":true,"href":"https:\/\/nvnoticias.mx\/index.php\/wp-json\/wp\/v2\/users\/8"}],"replies":[{"embeddable":true,"href":"https:\/\/nvnoticias.mx\/index.php\/wp-json\/wp\/v2\/comments?post=107212"}],"version-history":[{"count":1,"href":"https:\/\/nvnoticias.mx\/index.php\/wp-json\/wp\/v2\/posts\/107212\/revisions"}],"predecessor-version":[{"id":107215,"href":"https:\/\/nvnoticias.mx\/index.php\/wp-json\/wp\/v2\/posts\/107212\/revisions\/107215"}],"wp:featuredmedia":[{"embeddable":true,"href":"https:\/\/nvnoticias.mx\/index.php\/wp-json\/wp\/v2\/media\/107214"}],"wp:attachment":[{"href":"https:\/\/nvnoticias.mx\/index.php\/wp-json\/wp\/v2\/media?parent=107212"}],"wp:term":[{"taxonomy":"category","embeddable":true,"href":"https:\/\/nvnoticias.mx\/index.php\/wp-json\/wp\/v2\/categories?post=107212"},{"taxonomy":"post_tag","embeddable":true,"href":"https:\/\/nvnoticias.mx\/index.php\/wp-json\/wp\/v2\/tags?post=107212"}],"curies":[{"name":"wp","href":"https:\/\/api.w.org\/{rel}","templated":true}]}}