{"id":107190,"date":"2023-05-19T13:43:26","date_gmt":"2023-05-19T18:43:26","guid":{"rendered":"https:\/\/nvnoticias.mx\/?p=107190"},"modified":"2023-05-19T13:43:27","modified_gmt":"2023-05-19T18:43:27","slug":"veracruz-tiene-amplias-oportunidades-de-crecimiento-con-el-corredor-interoceanico","status":"publish","type":"post","link":"https:\/\/nvnoticias.mx\/index.php\/2023\/05\/19\/veracruz-tiene-amplias-oportunidades-de-crecimiento-con-el-corredor-interoceanico\/","title":{"rendered":"Veracruz tiene amplias oportunidades de crecimiento con el Corredor Interoce\u00e1nico"},"content":{"rendered":"\n<p><strong>Jes\u00fas Utrilla \/ NV Noticias <\/strong><\/p>\n\n\n\n<p>Veracruz tiene amplias oportunidades de crecimiento con el Corredor Interoce\u00e1nico del Istmo de Tehuantepec y es que empresas del ramo automotriz se encuentran interesadas en asentarse en los polos de desarrollo, que en breve se licitar\u00e1n.<\/p>\n\n\n\n<p>El presidente nacional de la Asociaci\u00f3n Nacional de Consejos Empresariales Regionales (ANCER), Jos\u00e9 Manuel Urreta Ortega, dijo que tambi\u00e9n se tiene \u00e1reas de oportunidad en la parte agr\u00edcola pues la guerra Rusia &#8211; Ucrania abri\u00f3 la puerta a que los productos se incorporen al mercado estadounidense. <\/p>\n\n\n\n<blockquote class=\"wp-block-quote is-layout-flow wp-block-quote-is-layout-flow\"><p><em>\u201cLa Secretar\u00eda de Econom\u00eda est\u00e1 por lanzar la convocatoria para las empresas interesadas en participar en la licitaci\u00f3n de los 10 polos de desarrollo del Corredor Interoce\u00e1nico del Istmo de Tehuantepec, a partir de ah\u00ed las empresas comenzar\u00e1n a realizar sus tr\u00e1mites para asentarse en los diez parques industriales que se instalar\u00e1n en el Istmo de Tehuantepec\u201d.<\/em><\/p><\/blockquote>\n\n\n\n<p>Agreg\u00f3 que la relocalizaci\u00f3n de empresas  abre la oportunidad a los productores veracruzanos, pues aunque el nearshoring tiene mayor presencia en los estados del norte del pa\u00eds y el Baj\u00edo, Veracruz recibir\u00e1 empresas cuando inicie funciones el Corredor Interoce\u00e1nico del Istmo de Tehuantepec.<\/p>\n\n\n\n<p>Tambi\u00e9n va a quedar rehabilitado el ferrocarril de Coatzacoalcos a Palenque, para pasajeros y para carga y de Ixtepec hasta los l\u00edmites con Guatemala, lo que permitir\u00e1 hacer m\u00e1s \u00e1gil el traslado de las mercanc\u00edas.<\/p>\n\n\n\n<p>Insisti\u00f3 que en los pr\u00f3ximos a\u00f1os Veracruz ser\u00e1 uno de los lugares log\u00edsticos m\u00e1s importantes lo que significar\u00e1 empleos y mejor remunerados.<\/p>\n\n\n\n<blockquote class=\"wp-block-quote is-layout-flow wp-block-quote-is-layout-flow\"><p><em>\u201cEl corredor permitir\u00e1 la creaci\u00f3n de clusters industriales no solo en Coatzacoalcos sino en  la regi\u00f3n porque las grandes empresas que se instalen requerir\u00e1n proveedores\u201d.<\/em><\/p><\/blockquote>\n\n\n\n<p>La frontera norte del pa\u00eds es el de mayor nivel de inversiones pero Veracruz cuenta con potencial para alcanzar las mismas caracter\u00edsticas por su diversificaci\u00f3n y seguramente lo har\u00e1 a mediano plazo.<\/p>\n","protected":false},"excerpt":{"rendered":"<p>Jes\u00fas Utrilla \/ NV Noticias Veracruz tiene amplias oportunidades de crecimiento con el Corredor Interoce\u00e1nico del Istmo de Tehuantepec y es que empresas del ramo automotriz se encuentran interesadas en asentarse en los polos de desarrollo, que en breve se licitar\u00e1n. El presidente nacional de la Asociaci\u00f3n Nacional de Consejos Empresariales Regionales (ANCER), Jos\u00e9 Manuel [&hellip;]<\/p>\n","protected":false},"author":8,"featured_media":63895,"comment_status":"open","ping_status":"open","sticky":false,"template":"","format":"standard","meta":{"_monsterinsights_skip_tracking":false,"_monsterinsights_sitenote_active":false,"_monsterinsights_sitenote_note":"","_monsterinsights_sitenote_category":0,"footnotes":""},"categories":[154],"tags":[4779],"class_list":["post-107190","post","type-post","status-publish","format-standard","has-post-thumbnail","hentry","category-veracruz","tag-corredor-interoceanico-del-istmo-de-tehuantepec","wp-image-borders"],"amp_enabled":true,"_links":{"self":[{"href":"https:\/\/nvnoticias.mx\/index.php\/wp-json\/wp\/v2\/posts\/107190","targetHints":{"allow":["GET"]}}],"collection":[{"href":"https:\/\/nvnoticias.mx\/index.php\/wp-json\/wp\/v2\/posts"}],"about":[{"href":"https:\/\/nvnoticias.mx\/index.php\/wp-json\/wp\/v2\/types\/post"}],"author":[{"embeddable":true,"href":"https:\/\/nvnoticias.mx\/index.php\/wp-json\/wp\/v2\/users\/8"}],"replies":[{"embeddable":true,"href":"https:\/\/nvnoticias.mx\/index.php\/wp-json\/wp\/v2\/comments?post=107190"}],"version-history":[{"count":1,"href":"https:\/\/nvnoticias.mx\/index.php\/wp-json\/wp\/v2\/posts\/107190\/revisions"}],"predecessor-version":[{"id":107192,"href":"https:\/\/nvnoticias.mx\/index.php\/wp-json\/wp\/v2\/posts\/107190\/revisions\/107192"}],"wp:featuredmedia":[{"embeddable":true,"href":"https:\/\/nvnoticias.mx\/index.php\/wp-json\/wp\/v2\/media\/63895"}],"wp:attachment":[{"href":"https:\/\/nvnoticias.mx\/index.php\/wp-json\/wp\/v2\/media?parent=107190"}],"wp:term":[{"taxonomy":"category","embeddable":true,"href":"https:\/\/nvnoticias.mx\/index.php\/wp-json\/wp\/v2\/categories?post=107190"},{"taxonomy":"post_tag","embeddable":true,"href":"https:\/\/nvnoticias.mx\/index.php\/wp-json\/wp\/v2\/tags?post=107190"}],"curies":[{"name":"wp","href":"https:\/\/api.w.org\/{rel}","templated":true}]}}