{"id":107181,"date":"2023-05-19T13:34:37","date_gmt":"2023-05-19T18:34:37","guid":{"rendered":"https:\/\/nvnoticias.mx\/?p=107181"},"modified":"2023-05-19T13:34:38","modified_gmt":"2023-05-19T18:34:38","slug":"altas-temperaturas-y-apagones-repuntaron-problemas-gastrointestinales-en-veracruz","status":"publish","type":"post","link":"https:\/\/nvnoticias.mx\/index.php\/2023\/05\/19\/altas-temperaturas-y-apagones-repuntaron-problemas-gastrointestinales-en-veracruz\/","title":{"rendered":"Altas temperaturas y apagones repuntaron  problemas gastrointestinales en Veracruz"},"content":{"rendered":"\n<p><strong>Jes\u00fas Utrilla \/ NV Noticias <\/strong><\/p>\n\n\n\n<p>Por las altas temperaturas se dispararon los problemas gastrointestinales hasta en 40 por ciento. <\/p>\n\n\n\n<p>La alcaldesa Patricia Lobeira Rodr\u00edguez dijo que los apagones tambi\u00e9n contribuyen a que se echen a perder los alimentos.<\/p>\n\n\n\n<p>Por ello, nuevamente llam\u00f3 a que Comisi\u00f3n Federal de Electricidad atienda los reportes que realizan los usuarios.<\/p>\n\n\n\n<p>De ejemplo cit\u00f3 la falta de energ\u00eda el\u00e9ctrica en el Mercado de Pescader\u00eda, ya que los productos necesitan refrigeraci\u00f3n y un manejo estricto para prevenir que el consumidor se enferme.<\/p>\n\n\n\n<blockquote class=\"wp-block-quote is-layout-flow wp-block-quote-is-layout-flow\"><p><em>\u201cHoy me hablaron de Pescader\u00eda, que estaban desesperados porque llevaban un d\u00eda sin luz y que lo reportaron a CFE y no les contestaban y a ellos les urg\u00eda porque el producto se puede echar a perder. Entonces con eso y los calores aumenta el riesgo de enfermarse\u201d.<\/em><\/p><\/blockquote>\n\n\n\n<p>Insisti\u00f3 que durante la \u00e9poca de altas temperaturas se debe tener cuidado con el manejo de los alimentos. <\/p>\n\n\n\n<p>Por ello, reiter\u00f3 el llamado a que CFE invierta en mejorar la infraestructura en la ciudad de Veracruz.<\/p>\n\n\n\n<p>La alcaldesa puso en marcha una campa\u00f1a de desparasitaci\u00f3n de ni\u00f1os y llev\u00f3 una brigada m\u00e9dica del DIF a Mata de Pita.<\/p>\n\n\n\n<blockquote class=\"wp-block-quote is-layout-flow wp-block-quote-is-layout-flow\"><p>\u201c<em>Es el inicio de esta campa\u00f1a de Pica Pica y se va a entregar desparasitante a mil personas lo que beneficia a toda la gente de la zona y Veracruz<\/em>\u201d.<\/p><\/blockquote>\n\n\n\n<p>Tambi\u00e9n llevaron m\u00f3dulos de vacunaci\u00f3n para perros y gatos.<\/p>\n","protected":false},"excerpt":{"rendered":"<p>Jes\u00fas Utrilla \/ NV Noticias Por las altas temperaturas se dispararon los problemas gastrointestinales hasta en 40 por ciento. La alcaldesa Patricia Lobeira Rodr\u00edguez dijo que los apagones tambi\u00e9n contribuyen a que se echen a perder los alimentos. Por ello, nuevamente llam\u00f3 a que Comisi\u00f3n Federal de Electricidad atienda los reportes que realizan los usuarios. [&hellip;]<\/p>\n","protected":false},"author":8,"featured_media":107183,"comment_status":"open","ping_status":"open","sticky":false,"template":"","format":"standard","meta":{"_monsterinsights_skip_tracking":false,"_monsterinsights_sitenote_active":false,"_monsterinsights_sitenote_note":"","_monsterinsights_sitenote_category":0,"footnotes":""},"categories":[154],"tags":[3488,1502,25242],"class_list":["post-107181","post","type-post","status-publish","format-standard","has-post-thumbnail","hentry","category-veracruz","tag-altas-temperaturas","tag-apagones","tag-problemas-gastrointestinales","wp-image-borders"],"amp_enabled":true,"_links":{"self":[{"href":"https:\/\/nvnoticias.mx\/index.php\/wp-json\/wp\/v2\/posts\/107181","targetHints":{"allow":["GET"]}}],"collection":[{"href":"https:\/\/nvnoticias.mx\/index.php\/wp-json\/wp\/v2\/posts"}],"about":[{"href":"https:\/\/nvnoticias.mx\/index.php\/wp-json\/wp\/v2\/types\/post"}],"author":[{"embeddable":true,"href":"https:\/\/nvnoticias.mx\/index.php\/wp-json\/wp\/v2\/users\/8"}],"replies":[{"embeddable":true,"href":"https:\/\/nvnoticias.mx\/index.php\/wp-json\/wp\/v2\/comments?post=107181"}],"version-history":[{"count":1,"href":"https:\/\/nvnoticias.mx\/index.php\/wp-json\/wp\/v2\/posts\/107181\/revisions"}],"predecessor-version":[{"id":107184,"href":"https:\/\/nvnoticias.mx\/index.php\/wp-json\/wp\/v2\/posts\/107181\/revisions\/107184"}],"wp:featuredmedia":[{"embeddable":true,"href":"https:\/\/nvnoticias.mx\/index.php\/wp-json\/wp\/v2\/media\/107183"}],"wp:attachment":[{"href":"https:\/\/nvnoticias.mx\/index.php\/wp-json\/wp\/v2\/media?parent=107181"}],"wp:term":[{"taxonomy":"category","embeddable":true,"href":"https:\/\/nvnoticias.mx\/index.php\/wp-json\/wp\/v2\/categories?post=107181"},{"taxonomy":"post_tag","embeddable":true,"href":"https:\/\/nvnoticias.mx\/index.php\/wp-json\/wp\/v2\/tags?post=107181"}],"curies":[{"name":"wp","href":"https:\/\/api.w.org\/{rel}","templated":true}]}}