{"id":107099,"date":"2023-05-18T21:06:28","date_gmt":"2023-05-19T02:06:28","guid":{"rendered":"https:\/\/nvnoticias.mx\/?p=107099"},"modified":"2023-05-18T21:06:28","modified_gmt":"2023-05-19T02:06:28","slug":"la-rebelion-de-la-ley","status":"publish","type":"post","link":"https:\/\/nvnoticias.mx\/index.php\/2023\/05\/18\/la-rebelion-de-la-ley\/","title":{"rendered":"La rebeli\u00f3n de la ley"},"content":{"rendered":"\n<p><strong>Juan Jos\u00e9 Rodr\u00edguez Prats <\/strong><\/p>\n\n\n\n<blockquote class=\"wp-block-quote is-layout-flow wp-block-quote-is-layout-flow\"><p><em>La degradaci\u00f3n de la moral p\u00fablica os traer\u00e1 pronto, muy pronto, tal vez, nuevas revoluciones.<\/em><\/p><cite>Tocqueville<\/cite><\/blockquote>\n\n\n\n<p>En su \u00faltimo libro (La figura del mundo), Juan Villoro cita al poeta espa\u00f1ol \u00c1lvaro Pombo: \u201cM\u00e9xico debe ser le\u00eddo, la realidad no se entiende\u201d. Siguiendo esta acertada recomendaci\u00f3n, habr\u00eda que comenzar leyendo nuestras leyes, la Constituci\u00f3n en primer lugar.<\/p>\n\n\n\n<p>Hace m\u00e1s de 50 a\u00f1os, Carlos Madrazo Becerra expres\u00f3 en uno de sus vibrantes discursos: \u201cPocos ven c\u00f3mo el derecho se halla presente en todos los actos de la vida y c\u00f3mo penetra todas las relaciones de la existencia humana\u201d. Despu\u00e9s de exponer varios ejemplos termina con una expresi\u00f3n que genera escozor: \u201cMarcha con el elector a los comicios y ojal\u00e1 no se detuviera avergonzado y cobarde a la puerta del Colegio Electoral cuando su soberan\u00eda debiera conducirle sin tropiezos hasta dentro de la urna\u201d.<\/p>\n\n\n\n<p>Kant escribi\u00f3 que \u201clos juristas buscan todav\u00eda una definici\u00f3n para su concepto de derecho\u201d. Efectivamente, ha sido un tema recurrente. Despu\u00e9s de muchas consultas, de manera atrevida y osada sugiero: el derecho consiste en el cumplimiento de deberes y para entenderlos es ineludible acudir a la \u00e9tica. En otras palabras, la funci\u00f3n del derecho es de contenci\u00f3n de las conductas indebidas de gobernantes y gobernados. Algunos autores, incluso hablan de derechos negativos y derechos positivos, siendo el Estado m\u00e1s eficaz para impedir que para promover. En el caso de los gobernantes, la funci\u00f3n es evidente: detener los desbordamientos (por denominarlos de alguna manera) en el ejercicio del poder.<\/p>\n\n\n\n<p>Estoy convencido que despu\u00e9s de amargas y tremendamente da\u00f1inas decisiones de algunos l\u00edderes mundiales reconocidos como hombres fuertes e indispensables, se est\u00e1 decantando un no tan nuevo modelo de gobernante m\u00e1s pr\u00f3ximo al estadista.<\/p>\n\n\n\n<p>El historiador Ian Kershaw da un consejo: \u201cEvitar por completo la intervenci\u00f3n de personalidades carism\u00e1ticas y favorecer la de aquellos l\u00edderes que, aunque menos intensos y vibrantes, se hallen en condiciones de ofrecer una gobernanza competente y eficaz, basada en la deliberaci\u00f3n colectiva y las decisiones racionales orientadas a mejorar a todos los ciudadanos\u201d. Y el historiador Arthur Schlesinger menciona las cualidades de Franklin D. Roosevelt: \u201cNo tiene filosof\u00eda alguna, a excepci\u00f3n de la experimentaci\u00f3n, que era una t\u00e9cnica; el constitucionalismo, que era un procedimiento y la humanidad que era una fe\u201d.<\/p>\n\n\n\n<p>Perd\u00f3n por tanta cita en mi af\u00e1n de fijar algunos criterios para seleccionar a nuestros pr\u00f3ximos funcionarios de elecci\u00f3n popular en la que ser\u00e1 sin duda una decisi\u00f3n dif\u00edcil, cuando se ciernen sobre el futuro de M\u00e9xico enormes peligros. De lo antes dicho se desprenden dos exigencias de nuestras figuras p\u00fablicas: su estricto respeto a la ley y su insoslayable calidad humana.<\/p>\n\n\n\n<p>Soy optimista, por deber y por mi profesi\u00f3n, creo en quienes sostienen que la historia, sin caer en determinismos, se mueve en forma c\u00edclica y que el periodo de los aut\u00f3cratas est\u00e1 concluyendo. Estoy convencido que vendr\u00e1 un renacimiento de la democracia representativa y liberal y la econom\u00eda social de mercado.<\/p>\n\n\n\n<p>Hay que depurar el discurso pol\u00edtico; olvidarnos de soluciones m\u00e1gicas, saber para qu\u00e9 sirve el derecho; propiciar una intensa educaci\u00f3n c\u00edvica. Uno de nuestros m\u00e1s l\u00facidos pensadores, Edmundo O\u2019Gorman, escribi\u00f3: \u201cEn la historia no se puede, sin impunidad, resucitar experiencias agotadas\u201d.<\/p>\n\n\n\n<p>En distintos escenarios empiezan a circular convocatorias para escuchar propuestas y se habla incluso de abrir una gran consulta. Lo cierto es que hemos abusado de estas pr\u00e1cticas. Lo fundamental es una profunda reforma jur\u00eddica.<\/p>\n\n\n\n<p>Retornar al viejo sistema pol\u00edtico no es viable, pensar en el nacionalismo revolucionario en la era de la globalizaci\u00f3n es obsoleto. Se habla de cambios de r\u00e9gimen, y ciertamente hay que introducir matices parlamentarios, pero antes tenemos que mejorar la integraci\u00f3n de nuestras asambleas legislativas. Como suele decirse, \u201chay tema\u201d.<\/p>\n","protected":false},"excerpt":{"rendered":"<p>Juan Jos\u00e9 Rodr\u00edguez Prats La degradaci\u00f3n de la moral p\u00fablica os traer\u00e1 pronto, muy pronto, tal vez, nuevas revoluciones. Tocqueville En su \u00faltimo libro (La figura del mundo), Juan Villoro cita al poeta espa\u00f1ol \u00c1lvaro Pombo: \u201cM\u00e9xico debe ser le\u00eddo, la realidad no se entiende\u201d. Siguiendo esta acertada recomendaci\u00f3n, habr\u00eda que comenzar leyendo nuestras leyes, [&hellip;]<\/p>\n","protected":false},"author":17,"featured_media":107100,"comment_status":"open","ping_status":"open","sticky":false,"template":"","format":"standard","meta":{"_monsterinsights_skip_tracking":false,"_monsterinsights_sitenote_active":false,"_monsterinsights_sitenote_note":"","_monsterinsights_sitenote_category":0,"footnotes":""},"categories":[614],"tags":[397],"class_list":["post-107099","post","type-post","status-publish","format-standard","has-post-thumbnail","hentry","category-politica-de-principios","tag-juan-jose-rodriguez-prats-2","wp-image-borders"],"amp_enabled":true,"_links":{"self":[{"href":"https:\/\/nvnoticias.mx\/index.php\/wp-json\/wp\/v2\/posts\/107099","targetHints":{"allow":["GET"]}}],"collection":[{"href":"https:\/\/nvnoticias.mx\/index.php\/wp-json\/wp\/v2\/posts"}],"about":[{"href":"https:\/\/nvnoticias.mx\/index.php\/wp-json\/wp\/v2\/types\/post"}],"author":[{"embeddable":true,"href":"https:\/\/nvnoticias.mx\/index.php\/wp-json\/wp\/v2\/users\/17"}],"replies":[{"embeddable":true,"href":"https:\/\/nvnoticias.mx\/index.php\/wp-json\/wp\/v2\/comments?post=107099"}],"version-history":[{"count":1,"href":"https:\/\/nvnoticias.mx\/index.php\/wp-json\/wp\/v2\/posts\/107099\/revisions"}],"predecessor-version":[{"id":107101,"href":"https:\/\/nvnoticias.mx\/index.php\/wp-json\/wp\/v2\/posts\/107099\/revisions\/107101"}],"wp:featuredmedia":[{"embeddable":true,"href":"https:\/\/nvnoticias.mx\/index.php\/wp-json\/wp\/v2\/media\/107100"}],"wp:attachment":[{"href":"https:\/\/nvnoticias.mx\/index.php\/wp-json\/wp\/v2\/media?parent=107099"}],"wp:term":[{"taxonomy":"category","embeddable":true,"href":"https:\/\/nvnoticias.mx\/index.php\/wp-json\/wp\/v2\/categories?post=107099"},{"taxonomy":"post_tag","embeddable":true,"href":"https:\/\/nvnoticias.mx\/index.php\/wp-json\/wp\/v2\/tags?post=107099"}],"curies":[{"name":"wp","href":"https:\/\/api.w.org\/{rel}","templated":true}]}}