{"id":107082,"date":"2023-05-18T17:27:05","date_gmt":"2023-05-18T22:27:05","guid":{"rendered":"https:\/\/nvnoticias.mx\/?p=107082"},"modified":"2023-05-18T17:27:06","modified_gmt":"2023-05-18T22:27:06","slug":"asipona-no-quiere-invertir-en-la-ciudad-de-veracruz-pese-a-danos-que-provoca-la-operacion-del-puerto","status":"publish","type":"post","link":"https:\/\/nvnoticias.mx\/index.php\/2023\/05\/18\/asipona-no-quiere-invertir-en-la-ciudad-de-veracruz-pese-a-danos-que-provoca-la-operacion-del-puerto\/","title":{"rendered":"Asipona no quiere invertir en la ciudad de Veracruz pese a da\u00f1os que provoca la operaci\u00f3n del puerto"},"content":{"rendered":"\n<p><strong>Jes\u00fas Utrilla \/ NV Noticias <\/strong><\/p>\n\n\n\n<p>La Administraci\u00f3n del Sistema Portuario Nacional de Veracruz sigue sin responder la petici\u00f3n del Ayuntamiento de Veracruz de invertir en la ciudad, por los da\u00f1os que genera la operatividad del recinto. <\/p>\n\n\n\n<p>La alcaldesa Patricia Lobeira Rodr\u00edguez record\u00f3 que se pidi\u00f3 un acuerdo puerto- ciudad para mejorar las vialidades que se ven afectadas, pero contin\u00faa sin contestar. <\/p>\n\n\n\n<p>Agreg\u00f3 que tiene cerca de 6 o 7 a\u00f1os que la autoridad portuaria no invierte en el municipio, pese al desgaste de las calles por el tr\u00e1nsito de los camiones de carga que llevan la mercanc\u00eda de importaci\u00f3n y exportaci\u00f3n. <\/p>\n\n\n\n<blockquote class=\"wp-block-quote is-layout-flow wp-block-quote-is-layout-flow\"><p><em>\u201cSomos una ciudad que acoge al puerto y ya hab\u00edamos demandado a la Asipona alg\u00fan acercamiento y que ayudaran y cumplieran con su obligaci\u00f3n moral porque nuestras vialidades se ven mermadas por el tr\u00e1fico pesado que genera el puerto\u201d. <\/em><\/p><\/blockquote>\n\n\n\n<p>La alcaldesa dijo por otro lado que en Veracruz los apagones s\u00ed son constantes aunque el gobernador Cuitl\u00e1huac Garc\u00eda Jim\u00e9nez diga lo contrario. Record\u00f3 que las condiciones de Xalapa son distintas a Veracruz, pues la capital goza de temperaturas m\u00e1s frescas en comparaci\u00f3n a la costa. <\/p>\n\n\n\n<p>Esto \u00faltimo obliga a ocupar equipos de enfriamiento y la red de Comisi\u00f3n Federal de Electricidad ya no se da abasto, por el tiempo de su infraestructura y por el crecimiento demogr\u00e1fico. <\/p>\n","protected":false},"excerpt":{"rendered":"<p>Jes\u00fas Utrilla \/ NV Noticias La Administraci\u00f3n del Sistema Portuario Nacional de Veracruz sigue sin responder la petici\u00f3n del Ayuntamiento de Veracruz de invertir en la ciudad, por los da\u00f1os que genera la operatividad del recinto. La alcaldesa Patricia Lobeira Rodr\u00edguez record\u00f3 que se pidi\u00f3 un acuerdo puerto- ciudad para mejorar las vialidades que se [&hellip;]<\/p>\n","protected":false},"author":8,"featured_media":107083,"comment_status":"open","ping_status":"open","sticky":false,"template":"","format":"standard","meta":{"_monsterinsights_skip_tracking":false,"_monsterinsights_sitenote_active":false,"_monsterinsights_sitenote_note":"","_monsterinsights_sitenote_category":0,"footnotes":""},"categories":[154],"tags":[6943,1184,254],"class_list":["post-107082","post","type-post","status-publish","format-standard","has-post-thumbnail","hentry","category-veracruz","tag-asipona","tag-ayuntamiento-de-veracruz","tag-inversion","wp-image-borders"],"amp_enabled":true,"_links":{"self":[{"href":"https:\/\/nvnoticias.mx\/index.php\/wp-json\/wp\/v2\/posts\/107082","targetHints":{"allow":["GET"]}}],"collection":[{"href":"https:\/\/nvnoticias.mx\/index.php\/wp-json\/wp\/v2\/posts"}],"about":[{"href":"https:\/\/nvnoticias.mx\/index.php\/wp-json\/wp\/v2\/types\/post"}],"author":[{"embeddable":true,"href":"https:\/\/nvnoticias.mx\/index.php\/wp-json\/wp\/v2\/users\/8"}],"replies":[{"embeddable":true,"href":"https:\/\/nvnoticias.mx\/index.php\/wp-json\/wp\/v2\/comments?post=107082"}],"version-history":[{"count":1,"href":"https:\/\/nvnoticias.mx\/index.php\/wp-json\/wp\/v2\/posts\/107082\/revisions"}],"predecessor-version":[{"id":107084,"href":"https:\/\/nvnoticias.mx\/index.php\/wp-json\/wp\/v2\/posts\/107082\/revisions\/107084"}],"wp:featuredmedia":[{"embeddable":true,"href":"https:\/\/nvnoticias.mx\/index.php\/wp-json\/wp\/v2\/media\/107083"}],"wp:attachment":[{"href":"https:\/\/nvnoticias.mx\/index.php\/wp-json\/wp\/v2\/media?parent=107082"}],"wp:term":[{"taxonomy":"category","embeddable":true,"href":"https:\/\/nvnoticias.mx\/index.php\/wp-json\/wp\/v2\/categories?post=107082"},{"taxonomy":"post_tag","embeddable":true,"href":"https:\/\/nvnoticias.mx\/index.php\/wp-json\/wp\/v2\/tags?post=107082"}],"curies":[{"name":"wp","href":"https:\/\/api.w.org\/{rel}","templated":true}]}}