{"id":107076,"date":"2023-05-18T17:14:24","date_gmt":"2023-05-18T22:14:24","guid":{"rendered":"https:\/\/nvnoticias.mx\/?p=107076"},"modified":"2023-05-18T17:14:25","modified_gmt":"2023-05-18T22:14:25","slug":"fifa-revela-logo-para-el-mundial-2026","status":"publish","type":"post","link":"https:\/\/nvnoticias.mx\/index.php\/2023\/05\/18\/fifa-revela-logo-para-el-mundial-2026\/","title":{"rendered":"FIFA revela logo para el Mundial 2026"},"content":{"rendered":"\n<p>A un d\u00eda de cumplir cinco meses de la final de Qatar 2022, FIFA revel\u00f3 el logo oficial del Mundial 2026.<\/p>\n\n\n\n<p>La Copa del Mundo 2026 en Estados Unidos, M\u00e9xico y Canad\u00e1 cuenta con un logo con los n\u00fameros 2 y 6 albergando en primer plano el trofeo de la FIFA. Adem\u00e1s, toda la campa\u00f1a se unir\u00e1 bajo el logo Somos 26 (We Are 26).<\/p>\n\n\n\n<p>Esta es la primera vez que tanto el a\u00f1o el torneo como el trofeo son incluidos en un logo del Mundial. El prop\u00f3sito del dise\u00f1o es que cada sede pueda personalizarlo y hacerlo \u00fanico respecto a las dem\u00e1s, pero que se mantenga unido en estructura al mismo tiempo.<\/p>\n\n\n\n<p>El lema Somos 26 &#8220;es un grito&#8230; un momento en el que tres pa\u00edses y un continente entero dicen en un\u00edsono: &#8216;Estamos unidos para dar la bienvenida al mundo y entregar el m\u00e1s grande, mejor y m\u00e1s inclusivo Mundial en la historia'&#8221;, coment\u00f3 el presidente de la FIFA, Gianni Infantino.<\/p>\n\n\n\n<p>Cabe recordar que el Mundial en tres a\u00f1os contar\u00e1 con 48 selecciones por primera ocasi\u00f3n y que disputar\u00e1n el torneo en 16 ciudades.<\/p>\n\n\n\n<p>La Copa Mundial FIFA 2026 arrancar\u00e1 el 9 de junio de 2026 en una sede por definir.<\/p>\n","protected":false},"excerpt":{"rendered":"<p>A un d\u00eda de cumplir cinco meses de la final de Qatar 2022, FIFA revel\u00f3 el logo oficial del Mundial 2026. La Copa del Mundo 2026 en Estados Unidos, M\u00e9xico y Canad\u00e1 cuenta con un logo con los n\u00fameros 2 y 6 albergando en primer plano el trofeo de la FIFA. Adem\u00e1s, toda la campa\u00f1a [&hellip;]<\/p>\n","protected":false},"author":8,"featured_media":107077,"comment_status":"open","ping_status":"open","sticky":false,"template":"","format":"standard","meta":{"_monsterinsights_skip_tracking":false,"_monsterinsights_sitenote_active":false,"_monsterinsights_sitenote_note":"","_monsterinsights_sitenote_category":0,"footnotes":""},"categories":[159],"tags":[3099,22230,4114],"class_list":["post-107076","post","type-post","status-publish","format-standard","has-post-thumbnail","hentry","category-deportes","tag-fifa","tag-logo","tag-mundial-2026","wp-image-borders"],"amp_enabled":true,"_links":{"self":[{"href":"https:\/\/nvnoticias.mx\/index.php\/wp-json\/wp\/v2\/posts\/107076","targetHints":{"allow":["GET"]}}],"collection":[{"href":"https:\/\/nvnoticias.mx\/index.php\/wp-json\/wp\/v2\/posts"}],"about":[{"href":"https:\/\/nvnoticias.mx\/index.php\/wp-json\/wp\/v2\/types\/post"}],"author":[{"embeddable":true,"href":"https:\/\/nvnoticias.mx\/index.php\/wp-json\/wp\/v2\/users\/8"}],"replies":[{"embeddable":true,"href":"https:\/\/nvnoticias.mx\/index.php\/wp-json\/wp\/v2\/comments?post=107076"}],"version-history":[{"count":1,"href":"https:\/\/nvnoticias.mx\/index.php\/wp-json\/wp\/v2\/posts\/107076\/revisions"}],"predecessor-version":[{"id":107078,"href":"https:\/\/nvnoticias.mx\/index.php\/wp-json\/wp\/v2\/posts\/107076\/revisions\/107078"}],"wp:featuredmedia":[{"embeddable":true,"href":"https:\/\/nvnoticias.mx\/index.php\/wp-json\/wp\/v2\/media\/107077"}],"wp:attachment":[{"href":"https:\/\/nvnoticias.mx\/index.php\/wp-json\/wp\/v2\/media?parent=107076"}],"wp:term":[{"taxonomy":"category","embeddable":true,"href":"https:\/\/nvnoticias.mx\/index.php\/wp-json\/wp\/v2\/categories?post=107076"},{"taxonomy":"post_tag","embeddable":true,"href":"https:\/\/nvnoticias.mx\/index.php\/wp-json\/wp\/v2\/tags?post=107076"}],"curies":[{"name":"wp","href":"https:\/\/api.w.org\/{rel}","templated":true}]}}