{"id":107070,"date":"2023-05-18T16:46:06","date_gmt":"2023-05-18T21:46:06","guid":{"rendered":"https:\/\/nvnoticias.mx\/?p=107070"},"modified":"2023-05-18T16:46:07","modified_gmt":"2023-05-18T21:46:07","slug":"celebra-inai-fallo-de-la-scjn-al-invalidar-decreto-de-seguridad-nacional-a-obras-prioritarias","status":"publish","type":"post","link":"https:\/\/nvnoticias.mx\/index.php\/2023\/05\/18\/celebra-inai-fallo-de-la-scjn-al-invalidar-decreto-de-seguridad-nacional-a-obras-prioritarias\/","title":{"rendered":"Celebra Inai fallo de la SCJN al invalidar decreto de seguridad nacional a obras prioritarias"},"content":{"rendered":"\n<p>El Pleno del Instituto Nacional de Transparencia, Acceso la Informaci\u00f3n y Protecci\u00f3n de Datos Personales (<strong>Inai<\/strong>) reconoci\u00f3 el fallo de la Suprema Corte de Justicia de la Naci\u00f3n (<strong>SCJN<\/strong>) por el que se determin\u00f3 la invalidez del Acuerdo por el que se declararon como de <strong>seguridad nacional<\/strong> e inter\u00e9s p\u00fablico los proyectos y <strong>obras de infraestructura Gobierno federal<\/strong>, publicado en el Diario Oficial de la Federaci\u00f3n el 22 de noviembre de 2021.<\/p>\n\n\n\n<blockquote class=\"wp-block-quote is-layout-flow wp-block-quote-is-layout-flow\"><p>\u201cEn este caso, el fallo de la Corte deja a salvo el derecho de la sociedad a conocer y acceder a toda la informaci\u00f3n relacionada con los proyectos y obras a cargo del Gobierno, lo cual permitir\u00e1 monitorear su desarrollo y vigilar que el gasto p\u00fablico se lleve a cabo de manera eficaz y eficiente\u201d, se\u00f1alaron las y los integrantes del Inai a trav\u00e9s de un comunicado.<\/p><\/blockquote>\n\n\n\n<p>Las y los comisionados recordaron que el pasado 10 de diciembre de 2021, el Inai interpuso ante la SCJN una controversia constitucional (217\/2021) al advertir que dicho Acuerdo realizaba una reserva anticipada y generalizada de la informaci\u00f3n relacionada con los proyectos u obras del Gobierno federal, hecho que vulneraba el derecho a saber de la sociedad.<\/p>\n\n\n\n<p>Adem\u00e1s, se\u00f1alaron que el acuerdo ampliaba el concepto de seguridad nacional y alteraba los supuestos de excepci\u00f3n para la reserva de la <strong>informaci\u00f3n p\u00fablica<\/strong>.<\/p>\n\n\n\n<p>Por tanto, el Instituto concluy\u00f3 que exist\u00eda una posible violaci\u00f3n al derecho de acceso a la informaci\u00f3n, previsto en art\u00edculo 6\u00ba de la Constituci\u00f3n mexicana, as\u00ed como a las facultades del Inai, pues si bien la seguridad nacional y el inter\u00e9s p\u00fablico son causales de reserva o clasificaci\u00f3n de la informaci\u00f3n, lo cierto es que se debe analizar caso por caso y elaborar la prueba de da\u00f1o correspondiente.<\/p>\n\n\n\n<p>Al resolver el asunto, el Pleno de la SCJN determin\u00f3, por mayor\u00eda, que el Acuerdo impacta el derecho a saber y contraviene la facultad del Inai para delimitar los alcances de la seguridad nacional y el inter\u00e9s p\u00fablico, al situar toda la informaci\u00f3n generada en el desarrollo de obras y proyectos referidos dentro de la aplicaci\u00f3n del supuesto de reserva.<\/p>\n\n\n\n<p>Fuente:<a href=\"https:\/\/www.eluniversal.com.mx\/nacion\/inai-celebra-fallo-de-la-scjn-al-invalidar-decreto-de-seguridad-nacional-a-obras-prioritarias\/\" data-type=\"URL\" data-id=\"https:\/\/www.eluniversal.com.mx\/nacion\/inai-celebra-fallo-de-la-scjn-al-invalidar-decreto-de-seguridad-nacional-a-obras-prioritarias\/\"> El Universal<\/a><\/p>\n","protected":false},"excerpt":{"rendered":"<p>El Pleno del Instituto Nacional de Transparencia, Acceso la Informaci\u00f3n y Protecci\u00f3n de Datos Personales (Inai) reconoci\u00f3 el fallo de la Suprema Corte de Justicia de la Naci\u00f3n (SCJN) por el que se determin\u00f3 la invalidez del Acuerdo por el que se declararon como de seguridad nacional e inter\u00e9s p\u00fablico los proyectos y obras de [&hellip;]<\/p>\n","protected":false},"author":35,"featured_media":988,"comment_status":"open","ping_status":"open","sticky":false,"template":"","format":"standard","meta":{"_monsterinsights_skip_tracking":false,"_monsterinsights_sitenote_active":false,"_monsterinsights_sitenote_note":"","_monsterinsights_sitenote_category":0,"footnotes":""},"categories":[158],"tags":[9689,3077,355,9262,25225,3194,805],"class_list":["post-107070","post","type-post","status-publish","format-standard","has-post-thumbnail","hentry","category-politica","tag-celebra","tag-decreto","tag-inai","tag-invalidar","tag-prioritarias","tag-scjn","tag-seguridad","wp-image-borders"],"amp_enabled":true,"_links":{"self":[{"href":"https:\/\/nvnoticias.mx\/index.php\/wp-json\/wp\/v2\/posts\/107070","targetHints":{"allow":["GET"]}}],"collection":[{"href":"https:\/\/nvnoticias.mx\/index.php\/wp-json\/wp\/v2\/posts"}],"about":[{"href":"https:\/\/nvnoticias.mx\/index.php\/wp-json\/wp\/v2\/types\/post"}],"author":[{"embeddable":true,"href":"https:\/\/nvnoticias.mx\/index.php\/wp-json\/wp\/v2\/users\/35"}],"replies":[{"embeddable":true,"href":"https:\/\/nvnoticias.mx\/index.php\/wp-json\/wp\/v2\/comments?post=107070"}],"version-history":[{"count":1,"href":"https:\/\/nvnoticias.mx\/index.php\/wp-json\/wp\/v2\/posts\/107070\/revisions"}],"predecessor-version":[{"id":107071,"href":"https:\/\/nvnoticias.mx\/index.php\/wp-json\/wp\/v2\/posts\/107070\/revisions\/107071"}],"wp:featuredmedia":[{"embeddable":true,"href":"https:\/\/nvnoticias.mx\/index.php\/wp-json\/wp\/v2\/media\/988"}],"wp:attachment":[{"href":"https:\/\/nvnoticias.mx\/index.php\/wp-json\/wp\/v2\/media?parent=107070"}],"wp:term":[{"taxonomy":"category","embeddable":true,"href":"https:\/\/nvnoticias.mx\/index.php\/wp-json\/wp\/v2\/categories?post=107070"},{"taxonomy":"post_tag","embeddable":true,"href":"https:\/\/nvnoticias.mx\/index.php\/wp-json\/wp\/v2\/tags?post=107070"}],"curies":[{"name":"wp","href":"https:\/\/api.w.org\/{rel}","templated":true}]}}