{"id":107062,"date":"2023-05-18T14:43:42","date_gmt":"2023-05-18T19:43:42","guid":{"rendered":"https:\/\/nvnoticias.mx\/?p=107062"},"modified":"2023-05-18T14:43:42","modified_gmt":"2023-05-18T19:43:42","slug":"bloqueo-del-puerto-de-veracruz-dejo-una-perdida-de-150-mdp","status":"publish","type":"post","link":"https:\/\/nvnoticias.mx\/index.php\/2023\/05\/18\/bloqueo-del-puerto-de-veracruz-dejo-una-perdida-de-150-mdp\/","title":{"rendered":"Bloqueo del Puerto de Veracruz dej\u00f3 una p\u00e9rdida de 150 mdp"},"content":{"rendered":"\n<p><strong>Jes\u00fas Utrilla \/ NV Noticias <\/strong><\/p>\n\n\n\n<p>P\u00e9rdidas por m\u00e1s de 150 millones de pesos dej\u00f3 bloqueo al puerto de Veracruz, se\u00f1al\u00f3  el delegado de la Canacar Veracruz, Luis Exsome Zapata.<\/p>\n\n\n\n<p>Adem\u00e1s  se dejaron de consumir aproximadamente dos millones de litros de di\u00e9sel, generando p\u00e9rdidas por 50 millones de pesos. <\/p>\n\n\n\n<p>Se suma la p\u00e9rdida de las terminales o de las empresas navieras, de los agentes aduanales.<\/p>\n\n\n\n<blockquote class=\"wp-block-quote is-layout-flow wp-block-quote-is-layout-flow\"><p><em>\u201cYo calculo que por cada d\u00eda de operaci\u00f3n de los camiones es un mill\u00f3n y medio de litros de di\u00e9sel, pensemos que fueron dos millones de litros de di\u00e9sel que no se vendieron en la zona, estamos hablando de una afectaci\u00f3n de 50 millones de pesos que se dejaron de vender\u201d.<\/em><\/p><\/blockquote>\n\n\n\n<p>Se trabajar\u00e1 a marchas forzadas durante este fin de semana para poder transportar la carga que qued\u00f3 varada por dos d\u00edas de inactividad en el puerto por el bloqueo de los operadores en los accesos y las salidas del recinto.<\/p>\n","protected":false},"excerpt":{"rendered":"<p>Jes\u00fas Utrilla \/ NV Noticias P\u00e9rdidas por m\u00e1s de 150 millones de pesos dej\u00f3 bloqueo al puerto de Veracruz, se\u00f1al\u00f3 el delegado de la Canacar Veracruz, Luis Exsome Zapata. Adem\u00e1s se dejaron de consumir aproximadamente dos millones de litros de di\u00e9sel, generando p\u00e9rdidas por 50 millones de pesos. Se suma la p\u00e9rdida de las terminales [&hellip;]<\/p>\n","protected":false},"author":8,"featured_media":107063,"comment_status":"open","ping_status":"open","sticky":false,"template":"","format":"standard","meta":{"_monsterinsights_skip_tracking":false,"_monsterinsights_sitenote_active":false,"_monsterinsights_sitenote_note":"","_monsterinsights_sitenote_category":0,"footnotes":""},"categories":[154],"tags":[1905,841],"class_list":["post-107062","post","type-post","status-publish","format-standard","has-post-thumbnail","hentry","category-veracruz","tag-bloqueo","tag-canacar","wp-image-borders"],"amp_enabled":true,"_links":{"self":[{"href":"https:\/\/nvnoticias.mx\/index.php\/wp-json\/wp\/v2\/posts\/107062","targetHints":{"allow":["GET"]}}],"collection":[{"href":"https:\/\/nvnoticias.mx\/index.php\/wp-json\/wp\/v2\/posts"}],"about":[{"href":"https:\/\/nvnoticias.mx\/index.php\/wp-json\/wp\/v2\/types\/post"}],"author":[{"embeddable":true,"href":"https:\/\/nvnoticias.mx\/index.php\/wp-json\/wp\/v2\/users\/8"}],"replies":[{"embeddable":true,"href":"https:\/\/nvnoticias.mx\/index.php\/wp-json\/wp\/v2\/comments?post=107062"}],"version-history":[{"count":1,"href":"https:\/\/nvnoticias.mx\/index.php\/wp-json\/wp\/v2\/posts\/107062\/revisions"}],"predecessor-version":[{"id":107064,"href":"https:\/\/nvnoticias.mx\/index.php\/wp-json\/wp\/v2\/posts\/107062\/revisions\/107064"}],"wp:featuredmedia":[{"embeddable":true,"href":"https:\/\/nvnoticias.mx\/index.php\/wp-json\/wp\/v2\/media\/107063"}],"wp:attachment":[{"href":"https:\/\/nvnoticias.mx\/index.php\/wp-json\/wp\/v2\/media?parent=107062"}],"wp:term":[{"taxonomy":"category","embeddable":true,"href":"https:\/\/nvnoticias.mx\/index.php\/wp-json\/wp\/v2\/categories?post=107062"},{"taxonomy":"post_tag","embeddable":true,"href":"https:\/\/nvnoticias.mx\/index.php\/wp-json\/wp\/v2\/tags?post=107062"}],"curies":[{"name":"wp","href":"https:\/\/api.w.org\/{rel}","templated":true}]}}