{"id":107058,"date":"2023-05-18T14:24:00","date_gmt":"2023-05-18T19:24:00","guid":{"rendered":"https:\/\/nvnoticias.mx\/?p=107058"},"modified":"2023-05-18T14:24:02","modified_gmt":"2023-05-18T19:24:02","slug":"pide-apoyo-para-recuperar-a-su-hija-quien-fue-llevada-a-rusia","status":"publish","type":"post","link":"https:\/\/nvnoticias.mx\/index.php\/2023\/05\/18\/pide-apoyo-para-recuperar-a-su-hija-quien-fue-llevada-a-rusia\/","title":{"rendered":"Pide apoyo para recuperar a su hija quien fue llevada a Rusia"},"content":{"rendered":"\n<p><strong>Jes\u00fas Utrilla \/ NV Noticias <\/strong><\/p>\n\n\n\n<p>El se\u00f1or Alejandro Car\u00fas Sald\u00edvar pidi\u00f3 el apoyo de la Secretar\u00eda de Relaciones Exteriores y autoridades mexicanas para recuperar a su hija, pues acus\u00f3 que supuestamente fue sustra\u00edda por su esposa, quien se la llev\u00f3 a Rusia. <\/p>\n\n\n\n<p>La mujer es de ese pa\u00eds, desde hace un a\u00f1o que solicit\u00f3 el divorcio se llev\u00f3 a la menor y desde entonces el pap\u00e1 no sabe nada de ella. Solo presume que se encuentra bien porque un familiar le envi\u00f3 un video. <\/p>\n\n\n\n<p>El hecho se registr\u00f3 en abril del a\u00f1o 2022 y pudo enterarse de que ella est\u00e1 en Mosc\u00fa, Rusia, por ello present\u00f3 la denuncia ante la Fiscal\u00eda pero no hay avance. <\/p>\n\n\n\n<blockquote class=\"wp-block-quote is-layout-flow wp-block-quote-is-layout-flow\"><p><em>\u201cLa Fiscal\u00eda no quiere proceder. La denuncia la puse el 22 de enero de 2022 y hasta la fecha no han movido nada. Me siento humillado en la Fiscal\u00eda Familiar. La coordinadora es grosera, me grita, no me hace caso\u201d. <\/em><\/p><\/blockquote>\n\n\n\n<p>Aunque afirm\u00f3 tener la custodia provisional la fiscal no quiere judicializar, tampoco dar aviso, o mandar orden de aprehensi\u00f3n. <\/p>\n\n\n\n<p>Cuando la menor fue sustra\u00edda ten\u00eda 9 meses y actualmente tiene casi dos a\u00f1os de edad.<\/p>\n\n\n\n<blockquote class=\"wp-block-quote is-layout-flow wp-block-quote-is-layout-flow\"><p><em>\u201cQuiero hacer esto p\u00fablico porque estoy al l\u00edmite, mi hija debe estar aqu\u00ed. Espero que me escuche Derechos Humanos para hacer justicia. Justicia es que mi hija regrese\u201d. <\/em><\/p><\/blockquote>\n\n\n\n<p>Solicit\u00f3 el apoyo de la Secretar\u00eda de Relaciones Exteriores para que la ni\u00f1a regrese a M\u00e9xico, pero el proceso avanza lento y ahora le piden emprender un juicio en Rusia, lo cual es complicado. <\/p>\n","protected":false},"excerpt":{"rendered":"<p>Jes\u00fas Utrilla \/ NV Noticias El se\u00f1or Alejandro Car\u00fas Sald\u00edvar pidi\u00f3 el apoyo de la Secretar\u00eda de Relaciones Exteriores y autoridades mexicanas para recuperar a su hija, pues acus\u00f3 que supuestamente fue sustra\u00edda por su esposa, quien se la llev\u00f3 a Rusia. La mujer es de ese pa\u00eds, desde hace un a\u00f1o que solicit\u00f3 el [&hellip;]<\/p>\n","protected":false},"author":8,"featured_media":107060,"comment_status":"open","ping_status":"open","sticky":false,"template":"","format":"standard","meta":{"_monsterinsights_skip_tracking":false,"_monsterinsights_sitenote_active":false,"_monsterinsights_sitenote_note":"","_monsterinsights_sitenote_category":0,"footnotes":""},"categories":[154],"tags":[410,353,5627],"class_list":["post-107058","post","type-post","status-publish","format-standard","has-post-thumbnail","hentry","category-veracruz","tag-apoyo","tag-cedh","tag-sre","wp-image-borders"],"amp_enabled":true,"_links":{"self":[{"href":"https:\/\/nvnoticias.mx\/index.php\/wp-json\/wp\/v2\/posts\/107058","targetHints":{"allow":["GET"]}}],"collection":[{"href":"https:\/\/nvnoticias.mx\/index.php\/wp-json\/wp\/v2\/posts"}],"about":[{"href":"https:\/\/nvnoticias.mx\/index.php\/wp-json\/wp\/v2\/types\/post"}],"author":[{"embeddable":true,"href":"https:\/\/nvnoticias.mx\/index.php\/wp-json\/wp\/v2\/users\/8"}],"replies":[{"embeddable":true,"href":"https:\/\/nvnoticias.mx\/index.php\/wp-json\/wp\/v2\/comments?post=107058"}],"version-history":[{"count":1,"href":"https:\/\/nvnoticias.mx\/index.php\/wp-json\/wp\/v2\/posts\/107058\/revisions"}],"predecessor-version":[{"id":107061,"href":"https:\/\/nvnoticias.mx\/index.php\/wp-json\/wp\/v2\/posts\/107058\/revisions\/107061"}],"wp:featuredmedia":[{"embeddable":true,"href":"https:\/\/nvnoticias.mx\/index.php\/wp-json\/wp\/v2\/media\/107060"}],"wp:attachment":[{"href":"https:\/\/nvnoticias.mx\/index.php\/wp-json\/wp\/v2\/media?parent=107058"}],"wp:term":[{"taxonomy":"category","embeddable":true,"href":"https:\/\/nvnoticias.mx\/index.php\/wp-json\/wp\/v2\/categories?post=107058"},{"taxonomy":"post_tag","embeddable":true,"href":"https:\/\/nvnoticias.mx\/index.php\/wp-json\/wp\/v2\/tags?post=107058"}],"curies":[{"name":"wp","href":"https:\/\/api.w.org\/{rel}","templated":true}]}}