{"id":107026,"date":"2023-05-18T13:24:42","date_gmt":"2023-05-18T18:24:42","guid":{"rendered":"https:\/\/nvnoticias.mx\/?p=107026"},"modified":"2023-05-18T13:24:43","modified_gmt":"2023-05-18T18:24:43","slug":"realizo-imss-veracruz-norte-jornada-quirurgica-oftalmologica-de-cataratas","status":"publish","type":"post","link":"https:\/\/nvnoticias.mx\/index.php\/2023\/05\/18\/realizo-imss-veracruz-norte-jornada-quirurgica-oftalmologica-de-cataratas\/","title":{"rendered":"Realiz\u00f3 IMSS Veracruz Norte Jornada Quir\u00fargica Oftalmol\u00f3gica de Cataratas"},"content":{"rendered":"\n<p>El Instituto Mexicano del Seguro Social (IMSS) en Veracruz Norte realiz\u00f3 una Jornada Quir\u00fargica Oftalmol\u00f3gica de Cataratas, en la Unidad M\u00e9dica de Atenci\u00f3n Ambulatoria (UMAA) No. 242 de Tejer\u00eda, Veracruz.<\/p>\n\n\n\n<p>Cuyo objetivo fue el reforzar e incrementar la capacidad resolutiva en el Segundo Nivel de Atenci\u00f3n y acortar tiempos de espera en cirug\u00eda y consulta de Oftalmol\u00f3gica, explic\u00f3 el director de la UMAA No. 242, V\u00edctor Manuel Gonz\u00e1lez Arriola.<\/p>\n\n\n\n<p>Asimismo, el m\u00e9dico explic\u00f3 que las cataratas ocasionan visi\u00f3n borrosa y es la primera causa de ceguera reversible en el mundo, pero afortunadamente la visi\u00f3n puede recuperarse mediante una intervenci\u00f3n quir\u00fargica. En esta ocasi\u00f3n fueron 52 derechohabientes los beneficiados, quienes &nbsp;est\u00e1n adscritos a las Unidades de Medicina Familiar (UMF) de la zona Veracruz. Por \u00faltimo, el doctor Gonz\u00e1lez Arriola mencion\u00f3 que se realizar\u00e1n m\u00e1s jornadas de \u00e9ste tipo y agradeci\u00f3 la encomiable colaboraci\u00f3n de m\u00e9dicos oftalm\u00f3logos, anestesi\u00f3logos, personal de Enfermer\u00eda, camilleros, asistentes e Higiene y Limpieza, as\u00ed como a todo el personal de la unidad.<\/p>\n","protected":false},"excerpt":{"rendered":"<p>El Instituto Mexicano del Seguro Social (IMSS) en Veracruz Norte realiz\u00f3 una Jornada Quir\u00fargica Oftalmol\u00f3gica de Cataratas, en la Unidad M\u00e9dica de Atenci\u00f3n Ambulatoria (UMAA) No. 242 de Tejer\u00eda, Veracruz. Cuyo objetivo fue el reforzar e incrementar la capacidad resolutiva en el Segundo Nivel de Atenci\u00f3n y acortar tiempos de espera en cirug\u00eda y consulta [&hellip;]<\/p>\n","protected":false},"author":7,"featured_media":107028,"comment_status":"open","ping_status":"open","sticky":false,"template":"","format":"standard","meta":{"_monsterinsights_skip_tracking":false,"_monsterinsights_sitenote_active":false,"_monsterinsights_sitenote_note":"","_monsterinsights_sitenote_category":0,"footnotes":""},"categories":[154],"tags":[10430,1687,25211,13496],"class_list":["post-107026","post","type-post","status-publish","format-standard","has-post-thumbnail","hentry","category-veracruz","tag-cataratas","tag-imss-veracruz-norte","tag-jornada-quirurgica-oftalmologica-de-cataratas","tag-tejeria","wp-image-borders"],"amp_enabled":true,"_links":{"self":[{"href":"https:\/\/nvnoticias.mx\/index.php\/wp-json\/wp\/v2\/posts\/107026","targetHints":{"allow":["GET"]}}],"collection":[{"href":"https:\/\/nvnoticias.mx\/index.php\/wp-json\/wp\/v2\/posts"}],"about":[{"href":"https:\/\/nvnoticias.mx\/index.php\/wp-json\/wp\/v2\/types\/post"}],"author":[{"embeddable":true,"href":"https:\/\/nvnoticias.mx\/index.php\/wp-json\/wp\/v2\/users\/7"}],"replies":[{"embeddable":true,"href":"https:\/\/nvnoticias.mx\/index.php\/wp-json\/wp\/v2\/comments?post=107026"}],"version-history":[{"count":1,"href":"https:\/\/nvnoticias.mx\/index.php\/wp-json\/wp\/v2\/posts\/107026\/revisions"}],"predecessor-version":[{"id":107029,"href":"https:\/\/nvnoticias.mx\/index.php\/wp-json\/wp\/v2\/posts\/107026\/revisions\/107029"}],"wp:featuredmedia":[{"embeddable":true,"href":"https:\/\/nvnoticias.mx\/index.php\/wp-json\/wp\/v2\/media\/107028"}],"wp:attachment":[{"href":"https:\/\/nvnoticias.mx\/index.php\/wp-json\/wp\/v2\/media?parent=107026"}],"wp:term":[{"taxonomy":"category","embeddable":true,"href":"https:\/\/nvnoticias.mx\/index.php\/wp-json\/wp\/v2\/categories?post=107026"},{"taxonomy":"post_tag","embeddable":true,"href":"https:\/\/nvnoticias.mx\/index.php\/wp-json\/wp\/v2\/tags?post=107026"}],"curies":[{"name":"wp","href":"https:\/\/api.w.org\/{rel}","templated":true}]}}