{"id":106977,"date":"2023-05-18T10:32:38","date_gmt":"2023-05-18T15:32:38","guid":{"rendered":"https:\/\/nvnoticias.mx\/?p=106977"},"modified":"2023-05-18T10:32:39","modified_gmt":"2023-05-18T15:32:39","slug":"reportan-incendio-en-refineria-de-pemex-en-salina-cruz","status":"publish","type":"post","link":"https:\/\/nvnoticias.mx\/index.php\/2023\/05\/18\/reportan-incendio-en-refineria-de-pemex-en-salina-cruz\/","title":{"rendered":"Reportan incendio en refiner\u00eda de Pemex en Salina Cruz"},"content":{"rendered":"\n<p>Se report\u00f3 un incendio en una refiner\u00eda de Petr\u00f3leos Mexicanos (<strong>Pemex<\/strong>) en Salina Cruz, Oaxaca. Las llamas y el humo fueron captadas en video.<\/p>\n\n\n\n<p>De acuerdo con los reportes, una falla en un calentador habr\u00eda ocasionado el fuego en\u00a0la planta Hidros II, de la refiner\u00eda ingeniero Antonio Doval\u00ed Jaime.\u00a0Personal contraincendio acudi\u00f3 a la zona para controlar las llamas.<\/p>\n\n\n\n<p>Fuente: <a href=\"https:\/\/www.milenio.com\/estados\/reportan-incendio-refineria-pemex-salina-cruz\" data-type=\"URL\" data-id=\"https:\/\/www.milenio.com\/estados\/reportan-incendio-refineria-pemex-salina-cruz\">Milenio<\/a> <\/p>\n","protected":false},"excerpt":{"rendered":"<p>Se report\u00f3 un incendio en una refiner\u00eda de Petr\u00f3leos Mexicanos (Pemex) en Salina Cruz, Oaxaca. Las llamas y el humo fueron captadas en video. De acuerdo con los reportes, una falla en un calentador habr\u00eda ocasionado el fuego en\u00a0la planta Hidros II, de la refiner\u00eda ingeniero Antonio Doval\u00ed Jaime.\u00a0Personal contraincendio acudi\u00f3 a la zona para [&hellip;]<\/p>\n","protected":false},"author":35,"featured_media":5920,"comment_status":"open","ping_status":"open","sticky":false,"template":"","format":"standard","meta":{"_monsterinsights_skip_tracking":false,"_monsterinsights_sitenote_active":false,"_monsterinsights_sitenote_note":"","_monsterinsights_sitenote_category":0,"footnotes":""},"categories":[157],"tags":[310,619,2100,7675,1802],"class_list":["post-106977","post","type-post","status-publish","format-standard","has-post-thumbnail","hentry","category-nacional","tag-incendio","tag-pemex","tag-refineria","tag-reportan","tag-salina-cruz","wp-image-borders"],"amp_enabled":true,"_links":{"self":[{"href":"https:\/\/nvnoticias.mx\/index.php\/wp-json\/wp\/v2\/posts\/106977","targetHints":{"allow":["GET"]}}],"collection":[{"href":"https:\/\/nvnoticias.mx\/index.php\/wp-json\/wp\/v2\/posts"}],"about":[{"href":"https:\/\/nvnoticias.mx\/index.php\/wp-json\/wp\/v2\/types\/post"}],"author":[{"embeddable":true,"href":"https:\/\/nvnoticias.mx\/index.php\/wp-json\/wp\/v2\/users\/35"}],"replies":[{"embeddable":true,"href":"https:\/\/nvnoticias.mx\/index.php\/wp-json\/wp\/v2\/comments?post=106977"}],"version-history":[{"count":3,"href":"https:\/\/nvnoticias.mx\/index.php\/wp-json\/wp\/v2\/posts\/106977\/revisions"}],"predecessor-version":[{"id":106980,"href":"https:\/\/nvnoticias.mx\/index.php\/wp-json\/wp\/v2\/posts\/106977\/revisions\/106980"}],"wp:featuredmedia":[{"embeddable":true,"href":"https:\/\/nvnoticias.mx\/index.php\/wp-json\/wp\/v2\/media\/5920"}],"wp:attachment":[{"href":"https:\/\/nvnoticias.mx\/index.php\/wp-json\/wp\/v2\/media?parent=106977"}],"wp:term":[{"taxonomy":"category","embeddable":true,"href":"https:\/\/nvnoticias.mx\/index.php\/wp-json\/wp\/v2\/categories?post=106977"},{"taxonomy":"post_tag","embeddable":true,"href":"https:\/\/nvnoticias.mx\/index.php\/wp-json\/wp\/v2\/tags?post=106977"}],"curies":[{"name":"wp","href":"https:\/\/api.w.org\/{rel}","templated":true}]}}