{"id":106959,"date":"2023-05-17T22:06:34","date_gmt":"2023-05-18T03:06:34","guid":{"rendered":"https:\/\/nvnoticias.mx\/?p=106959"},"modified":"2023-05-17T22:06:35","modified_gmt":"2023-05-18T03:06:35","slug":"partido-verde-destapa-a-manuel-velasco-como-su-corcholata-rumbo-a-2024","status":"publish","type":"post","link":"https:\/\/nvnoticias.mx\/index.php\/2023\/05\/17\/partido-verde-destapa-a-manuel-velasco-como-su-corcholata-rumbo-a-2024\/","title":{"rendered":"Partido Verde destapa a Manuel Velasco como su \u201ccorcholata\u201d rumbo a 2024"},"content":{"rendered":"\n<p>La dirigente nacional del Partido Verde Ecologista de M\u00e9xico (PVEM), Karen Castrej\u00f3n Trujillo, destap\u00f3 al senador Manuel Velasco como su aspirante a la presidencia en 2024.<\/p>\n\n\n\n<p>En entrevista con Joaqu\u00edn L\u00f3pez D\u00f3riga en su espacio de Radio F\u00f3rmula, Castrej\u00f3n Trujillo se\u00f1al\u00f3 que fue Velasco quien mostr\u00f3 su inter\u00e9s de representar al Verde como aspirante a la candidatura presidencial.<\/p>\n\n\n\n<blockquote class=\"wp-block-quote is-layout-flow wp-block-quote-is-layout-flow\"><p>\u201c<em>Hicimos la invitaci\u00f3n a quienes aspiran a la candidatura presidencial, por parte del Verde hubo quien levant\u00f3 la mano y lo respaldaremos, que es el senador Manuel Velasco y seguramente contar\u00e1 con la aprobaci\u00f3n de la mayor\u00eda de la militancia del Verde<\/em>\u201d, indic\u00f3 la dirigente.<\/p><\/blockquote>\n\n\n\n<p>No obstante indic\u00f3 que por el momento el partido se encuentra concentrado en las elecciones de Coahuila y Edomex; sin embargo, en la ruta hacia 2024 se apoyar\u00e1 las aspiraciones de Velasco y se pedir\u00e1, en su momento, que sea considerado dentro de la alianza con el PT y Morena.<\/p>\n\n\n\n<p>Fuente: <a href=\"https:\/\/www.eluniversal.com.mx\/nacion\/partido-verde-destapa-a-manuel-velasco-como-su-corcholata-rumbo-a-2024\/\">El Universal<\/a><\/p>\n","protected":false},"excerpt":{"rendered":"<p>La dirigente nacional del Partido Verde Ecologista de M\u00e9xico (PVEM), Karen Castrej\u00f3n Trujillo, destap\u00f3 al senador Manuel Velasco como su aspirante a la presidencia en 2024. En entrevista con Joaqu\u00edn L\u00f3pez D\u00f3riga en su espacio de Radio F\u00f3rmula, Castrej\u00f3n Trujillo se\u00f1al\u00f3 que fue Velasco quien mostr\u00f3 su inter\u00e9s de representar al Verde como aspirante a [&hellip;]<\/p>\n","protected":false},"author":8,"featured_media":16374,"comment_status":"open","ping_status":"open","sticky":false,"template":"","format":"standard","meta":{"_monsterinsights_skip_tracking":false,"_monsterinsights_sitenote_active":false,"_monsterinsights_sitenote_note":"","_monsterinsights_sitenote_category":0,"footnotes":""},"categories":[158],"tags":[4466,948],"class_list":["post-106959","post","type-post","status-publish","format-standard","has-post-thumbnail","hentry","category-politica","tag-manuel-velasco","tag-pvem","wp-image-borders"],"amp_enabled":true,"_links":{"self":[{"href":"https:\/\/nvnoticias.mx\/index.php\/wp-json\/wp\/v2\/posts\/106959","targetHints":{"allow":["GET"]}}],"collection":[{"href":"https:\/\/nvnoticias.mx\/index.php\/wp-json\/wp\/v2\/posts"}],"about":[{"href":"https:\/\/nvnoticias.mx\/index.php\/wp-json\/wp\/v2\/types\/post"}],"author":[{"embeddable":true,"href":"https:\/\/nvnoticias.mx\/index.php\/wp-json\/wp\/v2\/users\/8"}],"replies":[{"embeddable":true,"href":"https:\/\/nvnoticias.mx\/index.php\/wp-json\/wp\/v2\/comments?post=106959"}],"version-history":[{"count":1,"href":"https:\/\/nvnoticias.mx\/index.php\/wp-json\/wp\/v2\/posts\/106959\/revisions"}],"predecessor-version":[{"id":106960,"href":"https:\/\/nvnoticias.mx\/index.php\/wp-json\/wp\/v2\/posts\/106959\/revisions\/106960"}],"wp:featuredmedia":[{"embeddable":true,"href":"https:\/\/nvnoticias.mx\/index.php\/wp-json\/wp\/v2\/media\/16374"}],"wp:attachment":[{"href":"https:\/\/nvnoticias.mx\/index.php\/wp-json\/wp\/v2\/media?parent=106959"}],"wp:term":[{"taxonomy":"category","embeddable":true,"href":"https:\/\/nvnoticias.mx\/index.php\/wp-json\/wp\/v2\/categories?post=106959"},{"taxonomy":"post_tag","embeddable":true,"href":"https:\/\/nvnoticias.mx\/index.php\/wp-json\/wp\/v2\/tags?post=106959"}],"curies":[{"name":"wp","href":"https:\/\/api.w.org\/{rel}","templated":true}]}}