{"id":106954,"date":"2023-05-17T19:43:53","date_gmt":"2023-05-18T00:43:53","guid":{"rendered":"https:\/\/nvnoticias.mx\/?p=106954"},"modified":"2023-05-17T19:43:55","modified_gmt":"2023-05-18T00:43:55","slug":"las-falacias-del-populismo","status":"publish","type":"post","link":"https:\/\/nvnoticias.mx\/index.php\/2023\/05\/17\/las-falacias-del-populismo\/","title":{"rendered":"Las falacias del populismo"},"content":{"rendered":"\n<p><strong>Ricardo Homs<\/strong><\/p>\n\n\n\n<p>La pretensi\u00f3n del presidente, -de decretar que los cargos de ministro de la SCJN est\u00e9n sujetos a designaci\u00f3n electoral popular-, no tiene sustento.Lo mismo ha manifestado respecto al INE y el INAI.Su enojo y deseo de venganza se derivan del veredicto de la corte respecto a la primera parte del \u201cPlan B\u201d, promovido personalmente por \u00e9l en el Senado.<\/p>\n\n\n\n<p>Sin embargo, lo \u00fanico que evidenci\u00f3 la SCJN fue la forma en que se llev\u00f3 a cabo el procedimiento legislativo, -desaseado, inequitativo con los partidos minoritarios y generando conflicto-, y no el contenido del \u201cPlan B\u201d.<\/p>\n\n\n\n<p>Por tanto, la SCJN no calific\u00f3 el qu\u00e9, sino el c\u00f3mo actuaron los legisladores, pues se ejerci\u00f3 violencia innecesaria.Esta conducta de la bancada de MORENA en el Senado llama la atenci\u00f3n, pues teniendo este partido junto con sus aliados la mayor\u00eda legislativa simple, -suficiente para lograr su prop\u00f3sito-, era innecesario romper las reglas y agredir los derechos de los partidos minoritarios, que fueron los que acudieron ante la Suprema Corte.<\/p>\n\n\n\n<p>Por tanto, esto parece ser una provocaci\u00f3n planeada por el presidente para generar una reacci\u00f3n que conduzca a un conflicto, ya que la provocaci\u00f3n le permite victimizarse argumentando un complot de los conservadores en contra de la \u201ctransformaci\u00f3n de M\u00e9xico\u201d.<\/p>\n\n\n\n<p>Esto le ofrece la oportunidad de construir una narrativa de alto impacto para hacer campa\u00f1a y as\u00ed convencer a la ciudadan\u00eda de que necesita tener mayor\u00eda legislativa calificada, -o sea 75% de legisladores afines a su proyecto-, para hacer cambios constitucionales dr\u00e1sticos. <\/p>\n\n\n\n<p>Sustentado en estos argumentos solicitar\u00e1 a la ciudadan\u00eda su voto en las pr\u00f3ximas elecciones.Es inconcebible que el presidente intente deslegitimar a la SCJN, al INAI al INE y al TEPJF, argumentando que sus miembros no provienen de una elecci\u00f3n popular.<\/p>\n\n\n\n<p>Esto evidentemente responde a una venganza porque sus ministros y consejeros no se dejan influir o dominar a favor de los intereses de la 4T.Hay cargos muy t\u00e9cnicos como estos, que requieren conocimientos y experiencia que no se deriva del simple sentido com\u00fan, sino del conocimiento preciso de las leyes. <\/p>\n\n\n\n<p>Por ello es que otro poder, -el Legislativo-, los designa despu\u00e9s de un proceso de selecci\u00f3n donde se eval\u00faa su curr\u00edcula.<\/p>\n\n\n\n<p>En contraste, cualquier mexicano por nacimiento, -mayor de 35 a\u00f1os-, puede asumir el cargo de presidente de la rep\u00fablica, siempre y cuando sea elegido por la mayor\u00eda simple de votantes, independientemente de sus capacidades y experiencia.<\/p>\n\n\n\n<p>Consideremos que el peso de la operaci\u00f3n del Gobierno Federal recae en la instituci\u00f3n del Poder ejecutivo y en una estructura funcional y el presidente asume el rol de l\u00edder supremo, lo que no sucede en la SCJN, el INE y el INAI, donde ministros y consejeros son los responsables de sustentar los proyectos asignados.<\/p>\n\n\n\n<p>Estas son las reglas impuestas por nuestra Constituci\u00f3n y por lo tanto, los unos y el otro son leg\u00edtimos.<\/p>\n\n\n\n<p>Sin embargo, cuando el sentimiento popular es azuzado para deslegitimar, se est\u00e1 actuando en contra del Estado de Derecho, pues se est\u00e1 saboteando al orden constitucional.<\/p>\n\n\n\n<p>Esta propuesta presidencial de modificar la Constituci\u00f3n para que los candidatos a estos cargos sean elegidos por votaci\u00f3n popular, responde a una visi\u00f3n populista.Es urgente entender qu\u00e9 es el \u201cpopulismo\u201d, como corriente pol\u00edtica. <\/p>\n\n\n\n<p>Es la manipulaci\u00f3n del \u00e1nimo colectivo exacerbando las emociones de la ciudadan\u00eda, para controlarlas y dirigirlas hacia donde est\u00e1n los intereses de quien se erige como caudillo, disfrazando de democr\u00e1ticas las decisiones personales que pretende imponer.<\/p>\n\n\n\n<p><strong>Disparate<\/strong><\/p>\n\n\n\n<p>La amenaza de Ricardo Monreal de someter a juicio pol\u00edtico a los ministros de la SCJN por ejercer la funci\u00f3n y las responsabilidades y atribuciones que la Constituci\u00f3n les asigna es un disparate inentendible en boca de quien hasta ahora hab\u00eda sido una de las poqu\u00edsimas mentes l\u00facidas de la 4T, caracterizada esta corriente pol\u00edtica, por la ignorancia y la soberbia.<\/p>\n\n\n\n<p>El Poder Legislativo no tiene control sobre la actuaci\u00f3n del otro poder, que junto con el Ejecutivo y el Legislativo, conforman los Tres Poderes de la Uni\u00f3n. Este equilibrio entre los poderes es lo que legitima la democracia <\/p>\n\n\n\n<p>Que constitucionalmente tenga el Senado la atribuci\u00f3n de seleccionar a los ministros de la SCJN no significa que tenga tambi\u00e9n control sobre su actuaci\u00f3n.<\/p>\n\n\n\n<p>Ricardo Monreal no se est\u00e1 dando cuenta del impacto que una declaraci\u00f3n incendiaria como esta tiene en su reputaci\u00f3n, hasta hoy percibido como pol\u00edtico instruido, mesurado y abierto a la conciliaci\u00f3n. <\/p>\n\n\n\n<p>Hasta hoy ha sido una garant\u00eda de equilibrio pol\u00edtico, pero con esta amenaza pone en evidencia su sometimiento a las \u00f3rdenes del presidente, lo cual denigra a la independencia que debe tener el Poder Legislativo.<\/p>\n\n\n\n<p>Su imagen personal como un interlocutor conciliador le hab\u00eda generado un respeto construido en toda una carrera pol\u00edtica a lo largo de su vida. <\/p>\n\n\n\n<p>Para echar abajo ese capital pol\u00edtico, basta una amenaza disparatada como esta.Su trayectoria personal rebasa las veleidades de este gobierno\u2026 ojal\u00e1 recapacite y defina de qu\u00e9 lado de la historia quiere quedar.<\/p>\n\n\n\n<p><strong>Gran\u2026 Gran\u2026 Gran Baj\u00edo<\/strong><\/p>\n\n\n\n<p>Este proyecto, -denominado Gran Baj\u00edo-, representa una gran visi\u00f3n constructiva y de colaboraci\u00f3n entre el sector empresarial y las autoridades de los estados que conforman la regi\u00f3n geogr\u00e1fica denominada El Baj\u00edo.<\/p>\n\n\n\n<p>Este gran proyecto de alcance global naci\u00f3 de la iniciativa del sector empresarial. Est\u00e1 siendo promovido por un l\u00edder natural, Julio Di Bella Rold\u00e1n, apoyado por un gran equipo de colaboradores y socios.<\/p>\n\n\n\n<p>Lo que nos ense\u00f1a este gran proyecto es que al margen de las veleidades pol\u00edticas que vivimos hoy, -cuando hay interlocuci\u00f3n confiable y un liderazgo visionario-, empresarios y autoridades gubernamentales, -independientemente de las condicionantes ideol\u00f3gicas de sus partidos pol\u00edticos-, se pueden unir alrededor de la construcci\u00f3n de un gran proyecto como este, que est\u00e1 teniendo repercusi\u00f3n global, participando en ferias internacionales.<\/p>\n\n\n\n<p>Este gran proyecto promueve globalmente la inversi\u00f3n, alianzas estrat\u00e9gicas y sinergias de la iniciativa privada de \u201cEl Baj\u00edo\u201d, con capitalistas y grandes empresas multinacionales y mexicanas, contando con el apoyo comprometido de autoridades estatales y municipales. Los resultados ya se est\u00e1n viendo.<\/p>\n\n\n\n<p>\u00bfA usted qu\u00e9 le parece?<\/p>\n\n\n\n<p>Facebook: @Ricardo.Homs1<\/p>\n\n\n\n<p>Twitter: @homsricardo<\/p>\n\n\n\n<p>Linkedin: Ricardo Homs<\/p>\n\n\n\n<p>www.ricardohoms.com<\/p>\n","protected":false},"excerpt":{"rendered":"<p>Ricardo Homs La pretensi\u00f3n del presidente, -de decretar que los cargos de ministro de la SCJN est\u00e9n sujetos a designaci\u00f3n electoral popular-, no tiene sustento.Lo mismo ha manifestado respecto al INE y el INAI.Su enojo y deseo de venganza se derivan del veredicto de la corte respecto a la primera parte del \u201cPlan B\u201d, promovido [&hellip;]<\/p>\n","protected":false},"author":18,"featured_media":70360,"comment_status":"open","ping_status":"open","sticky":false,"template":"","format":"standard","meta":{"_monsterinsights_skip_tracking":false,"_monsterinsights_sitenote_active":false,"_monsterinsights_sitenote_note":"","_monsterinsights_sitenote_category":0,"footnotes":""},"categories":[246],"tags":[173],"class_list":["post-106954","post","type-post","status-publish","format-standard","has-post-thumbnail","hentry","category-ricardo-homs","tag-ricardo-homs","wp-image-borders"],"amp_enabled":true,"_links":{"self":[{"href":"https:\/\/nvnoticias.mx\/index.php\/wp-json\/wp\/v2\/posts\/106954","targetHints":{"allow":["GET"]}}],"collection":[{"href":"https:\/\/nvnoticias.mx\/index.php\/wp-json\/wp\/v2\/posts"}],"about":[{"href":"https:\/\/nvnoticias.mx\/index.php\/wp-json\/wp\/v2\/types\/post"}],"author":[{"embeddable":true,"href":"https:\/\/nvnoticias.mx\/index.php\/wp-json\/wp\/v2\/users\/18"}],"replies":[{"embeddable":true,"href":"https:\/\/nvnoticias.mx\/index.php\/wp-json\/wp\/v2\/comments?post=106954"}],"version-history":[{"count":1,"href":"https:\/\/nvnoticias.mx\/index.php\/wp-json\/wp\/v2\/posts\/106954\/revisions"}],"predecessor-version":[{"id":106955,"href":"https:\/\/nvnoticias.mx\/index.php\/wp-json\/wp\/v2\/posts\/106954\/revisions\/106955"}],"wp:featuredmedia":[{"embeddable":true,"href":"https:\/\/nvnoticias.mx\/index.php\/wp-json\/wp\/v2\/media\/70360"}],"wp:attachment":[{"href":"https:\/\/nvnoticias.mx\/index.php\/wp-json\/wp\/v2\/media?parent=106954"}],"wp:term":[{"taxonomy":"category","embeddable":true,"href":"https:\/\/nvnoticias.mx\/index.php\/wp-json\/wp\/v2\/categories?post=106954"},{"taxonomy":"post_tag","embeddable":true,"href":"https:\/\/nvnoticias.mx\/index.php\/wp-json\/wp\/v2\/tags?post=106954"}],"curies":[{"name":"wp","href":"https:\/\/api.w.org\/{rel}","templated":true}]}}