{"id":106945,"date":"2023-05-17T17:26:44","date_gmt":"2023-05-17T22:26:44","guid":{"rendered":"https:\/\/nvnoticias.mx\/?p=106945"},"modified":"2023-05-17T17:26:45","modified_gmt":"2023-05-17T22:26:45","slug":"no-sabia-gerard-pique-que-milan-y-sasha-participarian-en-acrostico-de-shakira","status":"publish","type":"post","link":"https:\/\/nvnoticias.mx\/index.php\/2023\/05\/17\/no-sabia-gerard-pique-que-milan-y-sasha-participarian-en-acrostico-de-shakira\/","title":{"rendered":"No sab\u00eda Gerard Piqu\u00e9 que Milan y Sasha participar\u00edan en \u201cAcr\u00f3stico\u201d de Shakira"},"content":{"rendered":"\n<p>El pasado 11 de mayo, Shakira sorprendi\u00f3 a sus fans con un nuevo lanzamiento titulado &#8220;Acr\u00f3stico&#8221;. Este tema, al igual que los anteriores, hace referencia clara a su ruptura con Gerard Piqu\u00e9, pero esta vez se enfoca m\u00e1s en su relaci\u00f3n con sus hijos Sasha y Milan, quienes cantan en algunas partes y adem\u00e1s aparecen en el videoclip.<\/p>\n\n\n\n<p>La producci\u00f3n audiovisual muestra a la cantante colombiana y los ni\u00f1os en plena mudanza de Barcelona.<\/p>\n\n\n\n<p>C\u00f3mo es bien sabido, la artista de &#8220;TQG&#8221; abandon\u00f3 la ciudad espa\u00f1ola tras concretar por completo su separaci\u00f3n de Piqu\u00e9, y ella y sus hijos ahora viven en Miami.<\/p>\n\n\n\n<p>Y mientras muchos se han emocionado hasta las l\u00e1grimas con &#8220;Acr\u00f3stico&#8221;, reportes recientes indican que el l\u00edder de la Kings League est\u00e1 sumamente molesto con todo el proyecto.<\/p>\n\n\n\n<p>Seg\u00fan rese\u00f1an diversos medios espa\u00f1oles, Piqu\u00e9 no estaba enterado de &#8220;Acr\u00f3stico&#8221; y mucho menos que Sasha y Milan cantar\u00edan en el tema y participar\u00edan en el clip. Aparentemente \u00e9l se enter\u00f3 con el resto del mundo cuando se realiz\u00f3 el lanzamiento.<\/p>\n\n\n\n<p>Es decir, Piqu\u00e9 nunca autoriz\u00f3 que los ni\u00f1os hicieran una aparici\u00f3n tan p\u00fablica en un proyecto de Shakira. As\u00ed lo dijo la periodista <strong>Lorena V\u00e1zquez<\/strong> del show <em>Y ahora Sonsoles<\/em>. &#8220;\u00c9l no lo sab\u00eda, ni se le hab\u00eda pedido permiso, ni autorizaci\u00f3n y ni sus hijos, parece ser, que tampoco se lo hab\u00edan dicho&#8230; Si Piqu\u00e9 est\u00e1 disgustado o no. No lo s\u00e9. Pero su entorno m\u00e1s cercano nos asegura que no sab\u00eda absolutamente nada de que sus hijos fueran a estar en este videoclip&#8221;. &nbsp;&nbsp;&nbsp;&nbsp;<\/p>\n\n\n\n<p>Por su parte, la int\u00e9rprete de &#8220;Monoton\u00eda&#8221; asegura que fueron sus propios hijos quienes le pidieron formar parte activa de &#8220;Acr\u00f3stico&#8221;.<\/p>\n\n\n\n<blockquote class=\"wp-block-quote is-layout-flow wp-block-quote-is-layout-flow\"><p>&#8220;Este a\u00f1o Milan ha escrito canciones que me arrancaron l\u00e1grimas de emoci\u00f3n y Sasha ha dedicado horas en el piano, descubriendo su voz&#8221;, revel\u00f3 Shakira en Instagram. &#8220;Ambos han compartido a mi lado en el estudio y al escuchar esta canci\u00f3n dedicada a ellos me han pedido hacer parte&#8221;.<\/p><\/blockquote>\n\n\n\n<p>La cantante continu\u00f3, &#8220;La han sentido e interpretado por ellos mismos y para ellos mismos, con la pasi\u00f3n y el sentimiento del que lleva la m\u00fasica dentro&#8221;.<\/p>\n\n\n\n<blockquote class=\"wp-block-quote is-layout-flow wp-block-quote-is-layout-flow\"><p>&#8220;Milan y Sasha, \u00a1es tan bonito ver como abren sus alas para empezar a realizar sus sue\u00f1os! No hay nada que me haga sentir m\u00e1s plena que ser su mam\u00e1&#8221;, concluy\u00f3 Shakira.<\/p><\/blockquote>\n\n\n\n<p>Fuente: <a href=\"https:\/\/www.eonline.com\/mx\/news\/1374706\/gerard-pique-no-sabia-que-milan-y-sasha-participarian-en-acrostico-de-shakira\" data-type=\"URL\" data-id=\"https:\/\/www.eonline.com\/mx\/news\/1374706\/gerard-pique-no-sabia-que-milan-y-sasha-participarian-en-acrostico-de-shakira\">E!<\/a><\/p>\n","protected":false},"excerpt":{"rendered":"<p>El pasado 11 de mayo, Shakira sorprendi\u00f3 a sus fans con un nuevo lanzamiento titulado &#8220;Acr\u00f3stico&#8221;. Este tema, al igual que los anteriores, hace referencia clara a su ruptura con Gerard Piqu\u00e9, pero esta vez se enfoca m\u00e1s en su relaci\u00f3n con sus hijos Sasha y Milan, quienes cantan en algunas partes y adem\u00e1s aparecen [&hellip;]<\/p>\n","protected":false},"author":35,"featured_media":81835,"comment_status":"open","ping_status":"open","sticky":false,"template":"","format":"standard","meta":{"_monsterinsights_skip_tracking":false,"_monsterinsights_sitenote_active":false,"_monsterinsights_sitenote_note":"","_monsterinsights_sitenote_category":0,"footnotes":""},"categories":[576],"tags":[25196,15602,22296,11638,15601],"class_list":["post-106945","post","type-post","status-publish","format-standard","has-post-thumbnail","hentry","category-ocio","tag-acrostico","tag-gerard-pique","tag-milan-2","tag-sasha","tag-shakira","wp-image-borders"],"amp_enabled":true,"_links":{"self":[{"href":"https:\/\/nvnoticias.mx\/index.php\/wp-json\/wp\/v2\/posts\/106945","targetHints":{"allow":["GET"]}}],"collection":[{"href":"https:\/\/nvnoticias.mx\/index.php\/wp-json\/wp\/v2\/posts"}],"about":[{"href":"https:\/\/nvnoticias.mx\/index.php\/wp-json\/wp\/v2\/types\/post"}],"author":[{"embeddable":true,"href":"https:\/\/nvnoticias.mx\/index.php\/wp-json\/wp\/v2\/users\/35"}],"replies":[{"embeddable":true,"href":"https:\/\/nvnoticias.mx\/index.php\/wp-json\/wp\/v2\/comments?post=106945"}],"version-history":[{"count":1,"href":"https:\/\/nvnoticias.mx\/index.php\/wp-json\/wp\/v2\/posts\/106945\/revisions"}],"predecessor-version":[{"id":106946,"href":"https:\/\/nvnoticias.mx\/index.php\/wp-json\/wp\/v2\/posts\/106945\/revisions\/106946"}],"wp:featuredmedia":[{"embeddable":true,"href":"https:\/\/nvnoticias.mx\/index.php\/wp-json\/wp\/v2\/media\/81835"}],"wp:attachment":[{"href":"https:\/\/nvnoticias.mx\/index.php\/wp-json\/wp\/v2\/media?parent=106945"}],"wp:term":[{"taxonomy":"category","embeddable":true,"href":"https:\/\/nvnoticias.mx\/index.php\/wp-json\/wp\/v2\/categories?post=106945"},{"taxonomy":"post_tag","embeddable":true,"href":"https:\/\/nvnoticias.mx\/index.php\/wp-json\/wp\/v2\/tags?post=106945"}],"curies":[{"name":"wp","href":"https:\/\/api.w.org\/{rel}","templated":true}]}}