{"id":106938,"date":"2023-05-17T16:58:54","date_gmt":"2023-05-17T21:58:54","guid":{"rendered":"https:\/\/nvnoticias.mx\/?p=106938"},"modified":"2023-05-17T16:58:54","modified_gmt":"2023-05-17T21:58:54","slug":"transportistas-y-asipona-firman-compromisos-para-levantar-el-bloqueo","status":"publish","type":"post","link":"https:\/\/nvnoticias.mx\/index.php\/2023\/05\/17\/transportistas-y-asipona-firman-compromisos-para-levantar-el-bloqueo\/","title":{"rendered":"Transportistas y ASIPONA firman compromisos para levantar el bloqueo"},"content":{"rendered":"\n<p><strong>Jes\u00fas Utrilla \/ NV Noticias <\/strong><\/p>\n\n\n\n<p>Los transportistas y la autoridad portuaria llegaron a un acuerdo para levantar el bloqueo en el acceso al Puerto de Veracruz.<\/p>\n\n\n\n<p>Se acord\u00f3 que La Uni\u00f3n de Operadores del Puerto de Veracruz, y autoridades (Aduana, ASIPONA y UNAPROP-32) reconocen los efectos del proceso de desarrollo y equipamiento del nuevo Puerto de Veracruz, mismo que afecta la operatividad; por lo que se acuerda que a partir de la fecha se establezca una comunicaci\u00f3n directa para resolver de mutuo acuerdo la problem\u00e1tica que se presente.<\/p>\n\n\n\n<p>Tambi\u00e9n ASIPONA VER se comprometi\u00f3 a desistir ante la autoridad correspondiente sobre la denuncia por el bloqueo y los operadores se comprometen a proceder y liberar el bloqueo.<\/p>\n\n\n\n<p>Se van a instalar y habilitar de manera temporal 5 (cinco) ba\u00f1os m\u00f3viles cada uno, haciendo un total de 10 (diez). Ubicados a lo largo de las vialidades dentro del recinto portuario en tanto la Aduana de Veracruz regulariza sus operaciones de revisi\u00f3n con equipos no intrusivos.<\/p>\n\n\n\n<p>La Aduana acuerda dar seguimiento y agilizar el tiempo de espera en la zona de la ruta fiscal y amarillos, abriendo 5 carriles de importaci\u00f3n de manera permanente, implementando el acceso a rayos gama encirculaci\u00f3n uno pol uno, bajo el control de vialidades. <\/p>\n\n\n\n<p>ASIPONA VER instalar\u00e1 la se\u00f1al\u00e9tica correspondiente de circulaci\u00f3n &#8220;uno por uno&#8221; de igual manera, en el carril d e vac\u00edos. <\/p>\n\n\n\n<p>La Aduana de Veracruz se compromete a instruir y concientizar a su personala finde mejorar las actitudes de servicio, en base al c\u00f3digode \u00e9tica de los servidores p\u00fablicos.<\/p>\n\n\n\n<p>El Titular de la Aduana acuerda que, encaso de existir una queja o mal trato por parte de un servidor p\u00fablico, se lo comuniquen por escrito a trav\u00e9s de la AAVAC, previoan\u00e1lisis para tomarl a s acciones correspondientes.<\/p>\n\n\n\n<p>La Aduana autorizar\u00e1 la salida de camiones, tractocamiones con remolques vac\u00edos (porta contenedores, plataformas y lowboy) por la salida de importaci\u00f3n de la ZAL.<\/p>\n\n\n\n<p>Asimismo, autorizar\u00e1 la salida de g\u00f3ndolas vac\u00edas por el carril de circulaci\u00f3n de bah\u00eda sur a bah\u00eda norte.<\/p>\n","protected":false},"excerpt":{"rendered":"<p>Jes\u00fas Utrilla \/ NV Noticias Los transportistas y la autoridad portuaria llegaron a un acuerdo para levantar el bloqueo en el acceso al Puerto de Veracruz. Se acord\u00f3 que La Uni\u00f3n de Operadores del Puerto de Veracruz, y autoridades (Aduana, ASIPONA y UNAPROP-32) reconocen los efectos del proceso de desarrollo y equipamiento del nuevo Puerto [&hellip;]<\/p>\n","protected":false},"author":8,"featured_media":106939,"comment_status":"open","ping_status":"open","sticky":false,"template":"","format":"standard","meta":{"_monsterinsights_skip_tracking":false,"_monsterinsights_sitenote_active":false,"_monsterinsights_sitenote_note":"","_monsterinsights_sitenote_category":0,"footnotes":""},"categories":[154],"tags":[2468,6943,162,709],"class_list":["post-106938","post","type-post","status-publish","format-standard","has-post-thumbnail","hentry","category-veracruz","tag-acuerdo","tag-asipona","tag-portada","tag-transportistas","wp-image-borders"],"amp_enabled":true,"_links":{"self":[{"href":"https:\/\/nvnoticias.mx\/index.php\/wp-json\/wp\/v2\/posts\/106938","targetHints":{"allow":["GET"]}}],"collection":[{"href":"https:\/\/nvnoticias.mx\/index.php\/wp-json\/wp\/v2\/posts"}],"about":[{"href":"https:\/\/nvnoticias.mx\/index.php\/wp-json\/wp\/v2\/types\/post"}],"author":[{"embeddable":true,"href":"https:\/\/nvnoticias.mx\/index.php\/wp-json\/wp\/v2\/users\/8"}],"replies":[{"embeddable":true,"href":"https:\/\/nvnoticias.mx\/index.php\/wp-json\/wp\/v2\/comments?post=106938"}],"version-history":[{"count":1,"href":"https:\/\/nvnoticias.mx\/index.php\/wp-json\/wp\/v2\/posts\/106938\/revisions"}],"predecessor-version":[{"id":106940,"href":"https:\/\/nvnoticias.mx\/index.php\/wp-json\/wp\/v2\/posts\/106938\/revisions\/106940"}],"wp:featuredmedia":[{"embeddable":true,"href":"https:\/\/nvnoticias.mx\/index.php\/wp-json\/wp\/v2\/media\/106939"}],"wp:attachment":[{"href":"https:\/\/nvnoticias.mx\/index.php\/wp-json\/wp\/v2\/media?parent=106938"}],"wp:term":[{"taxonomy":"category","embeddable":true,"href":"https:\/\/nvnoticias.mx\/index.php\/wp-json\/wp\/v2\/categories?post=106938"},{"taxonomy":"post_tag","embeddable":true,"href":"https:\/\/nvnoticias.mx\/index.php\/wp-json\/wp\/v2\/tags?post=106938"}],"curies":[{"name":"wp","href":"https:\/\/api.w.org\/{rel}","templated":true}]}}