{"id":106935,"date":"2023-05-17T16:36:59","date_gmt":"2023-05-17T21:36:59","guid":{"rendered":"https:\/\/nvnoticias.mx\/?p=106935"},"modified":"2023-05-17T16:37:00","modified_gmt":"2023-05-17T21:37:00","slug":"denuncia-armenta-supuestas-intimidaciones-desde-la-suprema-corte","status":"publish","type":"post","link":"https:\/\/nvnoticias.mx\/index.php\/2023\/05\/17\/denuncia-armenta-supuestas-intimidaciones-desde-la-suprema-corte\/","title":{"rendered":"Denuncia Armenta supuestas intimidaciones desde la Suprema Corte"},"content":{"rendered":"\n<p>El presidente de la Comisi\u00f3n Permanente del Congreso de la Uni\u00f3n, Alejandro Armenta, denunci\u00f3 que recibi\u00f3 mensajes desde un celular que presuntamente pertenece a la ministra presidenta de la Suprema Corte de Justicia de la Naci\u00f3n (SCJN), Norma Pi\u00f1a, en el que se le reconven\u00eda lo que pidi\u00f3 aclarar a trav\u00e9s de una investigaci\u00f3n.<\/p>\n\n\n\n<p>El hecho, que fue revelado durante la sesi\u00f3n de la Comisi\u00f3n Permanente que se realiza en el Senado, confront\u00f3 fuertemente a los legisladores de Morena con la oposici\u00f3n.<\/p>\n\n\n\n<p>Al iniciar la sesi\u00f3n, el senador por Morena se limit\u00f3 a decir que los mensajes, de confirmarse que fueron de la ministra, podr\u00edan considerarse un acto grave de probable amenaza, intimidaci\u00f3n y presi\u00f3n de un poder a otro.<\/p>\n\n\n\n<blockquote class=\"wp-block-quote is-layout-flow wp-block-quote-is-layout-flow\"><p>\u201cHola, soy Norma Pi\u00f1a. Hablo a nombre estrictamente personal, pero lo sostengo en p\u00fablico. \u00bfUsted puede ver a los ojos a sus hijos o hijas despu\u00e9s de lo que dice?\u201d, se lee en las capturas de pantalla de la supuesta conversaci\u00f3n con la presidenta de la SCJN.<\/p><\/blockquote>\n\n\n\n<p>Despu\u00e9s de un cruce de comentarios, quien presuntamente es la integrante del m\u00e1ximo tribunal del pa\u00eds le dice a Armenta: \u201cLa vida nos juzgar\u00e1\u201d.<\/p>\n\n\n\n<p>En tribuna y posteriormente en conferencia de prensa, Armenta dijo que lo que est\u00e1 pidiendo es que la ministra aclare si realmente fue ella la que mand\u00f3 los textos v\u00eda telef\u00f3nica, para lo que envi\u00f3 una carta a la Corte.<\/p>\n\n\n\n<p>Fuente: Milenio<\/p>\n","protected":false},"excerpt":{"rendered":"<p>El presidente de la Comisi\u00f3n Permanente del Congreso de la Uni\u00f3n, Alejandro Armenta, denunci\u00f3 que recibi\u00f3 mensajes desde un celular que presuntamente pertenece a la ministra presidenta de la Suprema Corte de Justicia de la Naci\u00f3n (SCJN), Norma Pi\u00f1a, en el que se le reconven\u00eda lo que pidi\u00f3 aclarar a trav\u00e9s de una investigaci\u00f3n. El [&hellip;]<\/p>\n","protected":false},"author":35,"featured_media":64438,"comment_status":"open","ping_status":"open","sticky":false,"template":"","format":"standard","meta":{"_monsterinsights_skip_tracking":false,"_monsterinsights_sitenote_active":false,"_monsterinsights_sitenote_note":"","_monsterinsights_sitenote_category":0,"footnotes":""},"categories":[158],"tags":[18850,206,12899,5460,25191],"class_list":["post-106935","post","type-post","status-publish","format-standard","has-post-thumbnail","hentry","category-politica","tag-alejandro-armenta","tag-denuncia","tag-intimidaciones","tag-suprema-corte","tag-supuestas","wp-image-borders"],"amp_enabled":true,"_links":{"self":[{"href":"https:\/\/nvnoticias.mx\/index.php\/wp-json\/wp\/v2\/posts\/106935","targetHints":{"allow":["GET"]}}],"collection":[{"href":"https:\/\/nvnoticias.mx\/index.php\/wp-json\/wp\/v2\/posts"}],"about":[{"href":"https:\/\/nvnoticias.mx\/index.php\/wp-json\/wp\/v2\/types\/post"}],"author":[{"embeddable":true,"href":"https:\/\/nvnoticias.mx\/index.php\/wp-json\/wp\/v2\/users\/35"}],"replies":[{"embeddable":true,"href":"https:\/\/nvnoticias.mx\/index.php\/wp-json\/wp\/v2\/comments?post=106935"}],"version-history":[{"count":1,"href":"https:\/\/nvnoticias.mx\/index.php\/wp-json\/wp\/v2\/posts\/106935\/revisions"}],"predecessor-version":[{"id":106936,"href":"https:\/\/nvnoticias.mx\/index.php\/wp-json\/wp\/v2\/posts\/106935\/revisions\/106936"}],"wp:featuredmedia":[{"embeddable":true,"href":"https:\/\/nvnoticias.mx\/index.php\/wp-json\/wp\/v2\/media\/64438"}],"wp:attachment":[{"href":"https:\/\/nvnoticias.mx\/index.php\/wp-json\/wp\/v2\/media?parent=106935"}],"wp:term":[{"taxonomy":"category","embeddable":true,"href":"https:\/\/nvnoticias.mx\/index.php\/wp-json\/wp\/v2\/categories?post=106935"},{"taxonomy":"post_tag","embeddable":true,"href":"https:\/\/nvnoticias.mx\/index.php\/wp-json\/wp\/v2\/tags?post=106935"}],"curies":[{"name":"wp","href":"https:\/\/api.w.org\/{rel}","templated":true}]}}