{"id":106910,"date":"2023-05-17T14:45:06","date_gmt":"2023-05-17T19:45:06","guid":{"rendered":"https:\/\/nvnoticias.mx\/?p=106910"},"modified":"2023-05-17T14:45:07","modified_gmt":"2023-05-17T19:45:07","slug":"propone-senadora-el-19-de-noviembre-como-dia-nacional-del-hombre","status":"publish","type":"post","link":"https:\/\/nvnoticias.mx\/index.php\/2023\/05\/17\/propone-senadora-el-19-de-noviembre-como-dia-nacional-del-hombre\/","title":{"rendered":"Propone Senadora el 19 de noviembre como \u201cD\u00eda Nacional del Hombre\u201d"},"content":{"rendered":"\n<p>La senadora Mar\u00eda Graciela Gayt\u00e1n D\u00edaz, del <strong>Partido Verde<\/strong>, present\u00f3 una iniciativa con proyecto de decreto para que se declare el <strong>19 de noviembre <\/strong>de cada a\u00f1o como \u201c<strong>D\u00eda Nacional del Hombre<\/strong>\u201d, para erradicar los estereotipos masculinos m\u00e1s tradicionales, promover la igualdad de g\u00e9nero y reconocer las contribuciones de los hombres a la familia, la sociedad y el pa\u00eds.<\/p>\n\n\n\n<p>La legisladora del Partido Verde argument\u00f3 que el marco constitucional reconoce \u201cun derecho humano muy importante, que consiste en la igualdad entre mujeres y hombres ante la ley, lo que significa, que tienen las mismas oportunidades, condiciones, y formas de trato, as\u00ed como los mismos derechos y obligaciones como ciudadanos de nuestro pa\u00eds\u201d.<\/p>\n\n\n\n<p>El proyecto refiere que la Constituci\u00f3n establece que queda prohibida toda discriminaci\u00f3n motivada por origen \u00e9tnico o nacional, el g\u00e9nero, la edad, las discapacidades, la condici\u00f3n social, las condiciones de salud, la religi\u00f3n, las opiniones, las preferencias sexuales, el estado civil o cualquier otra que atente contra la dignidad humana y tenga por objeto anular o menoscabar los derechos y libertades de las personas.<\/p>\n\n\n\n<blockquote class=\"wp-block-quote is-layout-flow wp-block-quote-is-layout-flow\"><p>\u201cDe acuerdo con la Ley General para la Igualdad entre Hombres y Mujeres, tiene por objeto regular y garantizar la igualdad de oportunidades y de trato entre mujeres y hombres, proponer los lineamientos y mecanismos institucionales que orienten a la Naci\u00f3n hacia el cumplimiento de la igualdad sustantiva en los \u00e1mbitos p\u00fablico y privado, promoviendo el empoderamiento de las mujeres, la paridad de g\u00e9nero y la lucha contra toda discriminaci\u00f3n basada en el sexo\u201d, apunta en su exposici\u00f3n de motivos.<\/p><\/blockquote>\n\n\n\n<p>Fuente: <a href=\"https:\/\/www.eluniversal.com.mx\/nacion\/senadora-propone-el-19-de-noviembre-como-dia-nacional-del-hombre-para-erradicar-estereotipos-masculinos\/\" data-type=\"URL\" data-id=\"https:\/\/www.eluniversal.com.mx\/nacion\/senadora-propone-el-19-de-noviembre-como-dia-nacional-del-hombre-para-erradicar-estereotipos-masculinos\/\">El Universal<\/a><\/p>\n","protected":false},"excerpt":{"rendered":"<p>La senadora Mar\u00eda Graciela Gayt\u00e1n D\u00edaz, del Partido Verde, present\u00f3 una iniciativa con proyecto de decreto para que se declare el 19 de noviembre de cada a\u00f1o como \u201cD\u00eda Nacional del Hombre\u201d, para erradicar los estereotipos masculinos m\u00e1s tradicionales, promover la igualdad de g\u00e9nero y reconocer las contribuciones de los hombres a la familia, la [&hellip;]<\/p>\n","protected":false},"author":35,"featured_media":29206,"comment_status":"open","ping_status":"open","sticky":false,"template":"","format":"standard","meta":{"_monsterinsights_skip_tracking":false,"_monsterinsights_sitenote_active":false,"_monsterinsights_sitenote_note":"","_monsterinsights_sitenote_category":0,"footnotes":""},"categories":[158],"tags":[25186,6510,9596,5309],"class_list":["post-106910","post","type-post","status-publish","format-standard","has-post-thumbnail","hentry","category-politica","tag-dia-nacional-del-hombre","tag-noviembre","tag-propone","tag-senadora","wp-image-borders"],"amp_enabled":true,"_links":{"self":[{"href":"https:\/\/nvnoticias.mx\/index.php\/wp-json\/wp\/v2\/posts\/106910","targetHints":{"allow":["GET"]}}],"collection":[{"href":"https:\/\/nvnoticias.mx\/index.php\/wp-json\/wp\/v2\/posts"}],"about":[{"href":"https:\/\/nvnoticias.mx\/index.php\/wp-json\/wp\/v2\/types\/post"}],"author":[{"embeddable":true,"href":"https:\/\/nvnoticias.mx\/index.php\/wp-json\/wp\/v2\/users\/35"}],"replies":[{"embeddable":true,"href":"https:\/\/nvnoticias.mx\/index.php\/wp-json\/wp\/v2\/comments?post=106910"}],"version-history":[{"count":1,"href":"https:\/\/nvnoticias.mx\/index.php\/wp-json\/wp\/v2\/posts\/106910\/revisions"}],"predecessor-version":[{"id":106911,"href":"https:\/\/nvnoticias.mx\/index.php\/wp-json\/wp\/v2\/posts\/106910\/revisions\/106911"}],"wp:featuredmedia":[{"embeddable":true,"href":"https:\/\/nvnoticias.mx\/index.php\/wp-json\/wp\/v2\/media\/29206"}],"wp:attachment":[{"href":"https:\/\/nvnoticias.mx\/index.php\/wp-json\/wp\/v2\/media?parent=106910"}],"wp:term":[{"taxonomy":"category","embeddable":true,"href":"https:\/\/nvnoticias.mx\/index.php\/wp-json\/wp\/v2\/categories?post=106910"},{"taxonomy":"post_tag","embeddable":true,"href":"https:\/\/nvnoticias.mx\/index.php\/wp-json\/wp\/v2\/tags?post=106910"}],"curies":[{"name":"wp","href":"https:\/\/api.w.org\/{rel}","templated":true}]}}