{"id":106892,"date":"2023-05-17T13:34:15","date_gmt":"2023-05-17T18:34:15","guid":{"rendered":"https:\/\/nvnoticias.mx\/?p=106892"},"modified":"2023-05-17T13:34:16","modified_gmt":"2023-05-17T18:34:16","slug":"presentan-a-candidatos-a-la-corte-real-del-carnaval-de-veracruz","status":"publish","type":"post","link":"https:\/\/nvnoticias.mx\/index.php\/2023\/05\/17\/presentan-a-candidatos-a-la-corte-real-del-carnaval-de-veracruz\/","title":{"rendered":"Presentan a candidatos a la Corte Real del Carnaval de Veracruz"},"content":{"rendered":"\n<p><strong>Jes\u00fas Utrilla \/ NV Noticias <\/strong><\/p>\n\n\n\n<p>Son 15 aspirantes a formar parte de la Corte Real del Carnaval de Veracruz 2023 y fueron presentado oficialmente en Plaza del Magisterio.<\/p>\n\n\n\n<p>El presidente del Comit\u00e9 del Carnaval, Luis Antonio P\u00e9rez Fraga y la alcaldesa Patricia Lobeira Rodr\u00edguez, recordaron que la elecci\u00f3n de la Reina y Rey ya no ser\u00e1 por dinero, sino por un concurso en donde se evaluar\u00e1n varios aspectos.<\/p>\n\n\n\n<p>Para Reinas del Carnaval fueron presentadas las candidatas: Cecilia Maryely Mora Flores, con el distintivo azul; G\u00e9nesis Vera Fern\u00e1ndez, distintivo color verde; Ang\u00e9lica Morf\u00edn Estrada, distintivo dorado,; Pamela Aquino e Itzel C\u00e1rdenas Hern\u00e1ndez, con el distintivo rojo.<\/p>\n\n\n\n<p>Para candidatos a rey de la alegr\u00eda: Manuel Alberto L\u00f3pez Urdapilleta, con el distintivo azul; Nello \u00c1ngel Villamar Carrillo \u201cAntrax\u201d, distintivo verde; Brian Alejandro Ruiz Vega \u201cEl Mu\u00f1eco\u201d, distintivo dorado; Johan Dar\u00edo Garc\u00eda L\u00f3pez, distintivo morado; Felipe Luis Hern\u00e1ndez Campos \u201cEl Celebrador\u201d, distintivo blanco; Julio C\u00e9sar Garc\u00eda Vargas \u201cEl Cremas\u201d, distintivo plata e Israel Lucio Rodr\u00edguez \u201cPachi Pompotas\u201d, distintivo guinda.<\/p>\n\n\n\n<p>Las ni\u00f1as que buscan el reinado son: Daniela Rivera Galindo, con el distintivo rosa y Valentina Morales Caballero, usando el distintivo dorado.<\/p>\n\n\n\n<p>En tanto el Rey Infantil electo es: Patricio Samuel Veloz Camacho \u201cPato Veloz\u201d.<\/p>\n\n\n\n<p>Cabe recordar que el Carnaval de Veracruz 2023 se llevar\u00e1 a cabo del 29 de junio al 5 de julio.<\/p>\n\n\n\n<p>La elecci\u00f3n para la corte real infantil se realizar\u00e1 de manera tradicional, es decir por voto que por cada uno costar\u00e1 un peso.<\/p>\n","protected":false},"excerpt":{"rendered":"<p>Jes\u00fas Utrilla \/ NV Noticias Son 15 aspirantes a formar parte de la Corte Real del Carnaval de Veracruz 2023 y fueron presentado oficialmente en Plaza del Magisterio. El presidente del Comit\u00e9 del Carnaval, Luis Antonio P\u00e9rez Fraga y la alcaldesa Patricia Lobeira Rodr\u00edguez, recordaron que la elecci\u00f3n de la Reina y Rey ya no [&hellip;]<\/p>\n","protected":false},"author":8,"featured_media":106893,"comment_status":"open","ping_status":"open","sticky":false,"template":"","format":"standard","meta":{"_monsterinsights_skip_tracking":false,"_monsterinsights_sitenote_active":false,"_monsterinsights_sitenote_note":"","_monsterinsights_sitenote_category":0,"footnotes":""},"categories":[154],"tags":[1138,11323],"class_list":["post-106892","post","type-post","status-publish","format-standard","has-post-thumbnail","hentry","category-veracruz","tag-carnaval-de-veracruz","tag-corte-real","wp-image-borders"],"amp_enabled":true,"_links":{"self":[{"href":"https:\/\/nvnoticias.mx\/index.php\/wp-json\/wp\/v2\/posts\/106892","targetHints":{"allow":["GET"]}}],"collection":[{"href":"https:\/\/nvnoticias.mx\/index.php\/wp-json\/wp\/v2\/posts"}],"about":[{"href":"https:\/\/nvnoticias.mx\/index.php\/wp-json\/wp\/v2\/types\/post"}],"author":[{"embeddable":true,"href":"https:\/\/nvnoticias.mx\/index.php\/wp-json\/wp\/v2\/users\/8"}],"replies":[{"embeddable":true,"href":"https:\/\/nvnoticias.mx\/index.php\/wp-json\/wp\/v2\/comments?post=106892"}],"version-history":[{"count":1,"href":"https:\/\/nvnoticias.mx\/index.php\/wp-json\/wp\/v2\/posts\/106892\/revisions"}],"predecessor-version":[{"id":106894,"href":"https:\/\/nvnoticias.mx\/index.php\/wp-json\/wp\/v2\/posts\/106892\/revisions\/106894"}],"wp:featuredmedia":[{"embeddable":true,"href":"https:\/\/nvnoticias.mx\/index.php\/wp-json\/wp\/v2\/media\/106893"}],"wp:attachment":[{"href":"https:\/\/nvnoticias.mx\/index.php\/wp-json\/wp\/v2\/media?parent=106892"}],"wp:term":[{"taxonomy":"category","embeddable":true,"href":"https:\/\/nvnoticias.mx\/index.php\/wp-json\/wp\/v2\/categories?post=106892"},{"taxonomy":"post_tag","embeddable":true,"href":"https:\/\/nvnoticias.mx\/index.php\/wp-json\/wp\/v2\/tags?post=106892"}],"curies":[{"name":"wp","href":"https:\/\/api.w.org\/{rel}","templated":true}]}}