{"id":106873,"date":"2023-05-17T12:35:13","date_gmt":"2023-05-17T17:35:13","guid":{"rendered":"https:\/\/nvnoticias.mx\/?p=106873"},"modified":"2023-05-17T12:35:15","modified_gmt":"2023-05-17T17:35:15","slug":"libra-amlo-medidas-cautelares-del-ine-por-llamado-al-plan-c","status":"publish","type":"post","link":"https:\/\/nvnoticias.mx\/index.php\/2023\/05\/17\/libra-amlo-medidas-cautelares-del-ine-por-llamado-al-plan-c\/","title":{"rendered":"Libra AMLO medidas cautelares del INE por llamado al Plan C"},"content":{"rendered":"\n<p>La Comisi\u00f3n de Quejas y Denuncias del Instituto Nacional Electoral (<strong>INE<\/strong>) rechaz\u00f3 implementar\u00a0<strong>medidas cautelares<\/strong>\u00a0contra el presidente\u00a0<strong>Andr\u00e9s Manuel L\u00f3pez Obrador<\/strong>, por su llamado al Plan C, para tener la mayor\u00eda calificada en el Congreso en 2024.<\/p>\n\n\n\n<p>El presidente fue<strong>\u00a0denunciado<\/strong>\u00a0por el PAN, PRD y Movimiento Ciudadano, al considerar que incurri\u00f3 en\u00a0<strong>coacci\u00f3n del voto<\/strong>\u00a0al llamar a la ciudadan\u00eda a apoyar el proyecto de la Cuarta Transformaci\u00f3n.<\/p>\n\n\n\n<p>Sin embargo, el proyecto plante\u00f3 como<strong>\u00a0improcedentes las medidas<\/strong>\u00a0para retirar este\u00a0<strong>llamado de la conferencia<\/strong>\u00a0ma\u00f1anera de las plataformas oficiales, as\u00ed como la tutela preventiva para hacer un exhorto, a fin de evitar expresiones similares en un futuro.<\/p>\n\n\n\n<p>Lo anterior, al considerar que \u201clas manifestaciones denunciadas est\u00e1n vinculadas con la integraci\u00f3n de una nueva legislatura federal, no as\u00ed en procesos electorales locales\u201d.<\/p>\n\n\n\n<p>El proyecto fue aprobado por los votos de la consejera Rita Bell L\u00f3pez y Jorge Monta\u00f1o, y el coto en contra de la consejera Claudia Zavala.<\/p>\n\n\n\n<p>Al respecto, la consejera Claudia Zavala subray\u00f3 que los deberes de los servidores p\u00fablicos son permanentes, por lo que no s\u00f3lo deber\u00eda considerarse con base en la proximidad del proceso electoral de 2024.<\/p>\n\n\n\n<blockquote class=\"wp-block-quote is-layout-flow wp-block-quote-is-layout-flow\"><p>\u201cEl presidente contrapone la transformaci\u00f3n con un sistema: \u2018\u00bfQuieres que regresen los corruptos? Ya sabes por quien votar\u2019. \u2018\u00bfQuieres que siga la transformaci\u00f3n? Ya sabes por qui\u00e9n votar\u2019. Hace un juego de palabras. Y la pregunta es: \u00bfCorresponde al titular de la presidencia, como m\u00e1ximo dirigente del Poder Ejecutivo, vincular con un proyecto a la pr\u00f3xima elecci\u00f3n de 2024? \u00bfEn qu\u00e9 momento tiene el deber de neutralidad el Presidente de la Rep\u00fablica?, \u00bfs\u00f3lo cuando inicia el proceso electoral\u201d, cuestion\u00f3.<\/p><\/blockquote>\n\n\n\n<p>Se\u00f1al\u00f3 que las expresiones del Presidente se traducen en un \u201ca favor\u201d o \u201cen contra\u201d de otras posiciones, con miras a la\u00a0<strong>elecci\u00f3n de 2024<\/strong>.<\/p>\n\n\n\n<p>Fuente: <a href=\"https:\/\/www.eluniversal.com.mx\/nacion\/amlo-libra-medidas-cautelares-del-ine-por-llamado-al-plan-c\/\" data-type=\"URL\" data-id=\"https:\/\/www.eluniversal.com.mx\/nacion\/amlo-libra-medidas-cautelares-del-ine-por-llamado-al-plan-c\/\">El Universal<\/a> <\/p>\n","protected":false},"excerpt":{"rendered":"<p>La Comisi\u00f3n de Quejas y Denuncias del Instituto Nacional Electoral (INE) rechaz\u00f3 implementar\u00a0medidas cautelares\u00a0contra el presidente\u00a0Andr\u00e9s Manuel L\u00f3pez Obrador, por su llamado al Plan C, para tener la mayor\u00eda calificada en el Congreso en 2024. El presidente fue\u00a0denunciado\u00a0por el PAN, PRD y Movimiento Ciudadano, al considerar que incurri\u00f3 en\u00a0coacci\u00f3n del voto\u00a0al llamar a la ciudadan\u00eda [&hellip;]<\/p>\n","protected":false},"author":35,"featured_media":93031,"comment_status":"open","ping_status":"open","sticky":false,"template":"","format":"standard","meta":{"_monsterinsights_skip_tracking":false,"_monsterinsights_sitenote_active":false,"_monsterinsights_sitenote_note":"","_monsterinsights_sitenote_category":0,"footnotes":""},"categories":[158],"tags":[188,443,14851,16606,25013,162],"class_list":["post-106873","post","type-post","status-publish","format-standard","has-post-thumbnail","hentry","category-politica","tag-amlo","tag-ine","tag-libra","tag-medidas-cautelares","tag-plan-c-electoral","tag-portada","wp-image-borders"],"amp_enabled":true,"_links":{"self":[{"href":"https:\/\/nvnoticias.mx\/index.php\/wp-json\/wp\/v2\/posts\/106873","targetHints":{"allow":["GET"]}}],"collection":[{"href":"https:\/\/nvnoticias.mx\/index.php\/wp-json\/wp\/v2\/posts"}],"about":[{"href":"https:\/\/nvnoticias.mx\/index.php\/wp-json\/wp\/v2\/types\/post"}],"author":[{"embeddable":true,"href":"https:\/\/nvnoticias.mx\/index.php\/wp-json\/wp\/v2\/users\/35"}],"replies":[{"embeddable":true,"href":"https:\/\/nvnoticias.mx\/index.php\/wp-json\/wp\/v2\/comments?post=106873"}],"version-history":[{"count":3,"href":"https:\/\/nvnoticias.mx\/index.php\/wp-json\/wp\/v2\/posts\/106873\/revisions"}],"predecessor-version":[{"id":106876,"href":"https:\/\/nvnoticias.mx\/index.php\/wp-json\/wp\/v2\/posts\/106873\/revisions\/106876"}],"wp:featuredmedia":[{"embeddable":true,"href":"https:\/\/nvnoticias.mx\/index.php\/wp-json\/wp\/v2\/media\/93031"}],"wp:attachment":[{"href":"https:\/\/nvnoticias.mx\/index.php\/wp-json\/wp\/v2\/media?parent=106873"}],"wp:term":[{"taxonomy":"category","embeddable":true,"href":"https:\/\/nvnoticias.mx\/index.php\/wp-json\/wp\/v2\/categories?post=106873"},{"taxonomy":"post_tag","embeddable":true,"href":"https:\/\/nvnoticias.mx\/index.php\/wp-json\/wp\/v2\/tags?post=106873"}],"curies":[{"name":"wp","href":"https:\/\/api.w.org\/{rel}","templated":true}]}}