{"id":106863,"date":"2023-05-17T11:40:57","date_gmt":"2023-05-17T16:40:57","guid":{"rendered":"https:\/\/nvnoticias.mx\/?p=106863"},"modified":"2023-05-17T11:40:59","modified_gmt":"2023-05-17T16:40:59","slug":"rinde-protesta-el-consejo-directivo-de-la-ampi-2023-2024","status":"publish","type":"post","link":"https:\/\/nvnoticias.mx\/index.php\/2023\/05\/17\/rinde-protesta-el-consejo-directivo-de-la-ampi-2023-2024\/","title":{"rendered":"Rinde protesta el Consejo Directivo de la AMPI 2023-2024"},"content":{"rendered":"\n<p><strong>Jes\u00fas Utrilla | NV Noticias <\/strong><br>Sergio Lavalle Garc\u00e9s rindi\u00f3 protesta como presidente de la Asociaci\u00f3n Mexicana de Profesionales Inmobiliarios (AMPI) de Veracruz, para el periodo 2023-2024.<\/p>\n\n\n\n<p>En su mensaje destac\u00f3 que el mercado inmobiliario se ha convertido en uno de los grandes motores de la econom\u00eda nacional lo que implica grandes retos para el sector. En el caso de Veracruz representa el 16.5 por ciento del Producto Interno Bruto.<\/p>\n\n\n\n<blockquote class=\"wp-block-quote is-layout-flow wp-block-quote-is-layout-flow\"><p>\u201cEsto nos lleva como asociaci\u00f3n a otorgar a todos los miembros y a aquellas personas que est\u00e1n incursionando en el mercado los conocimientos y herramientas para desarrollar su trabajo con mayor seguridad\u201d.<\/p><\/blockquote>\n\n\n\n<p>Se comprometi\u00f3 a trabajar con \u00e9tica y responsabilidad social sobre todo ahora que AMPI Veracruz cumple 30 a\u00f1os y para que el estado cuente con la Ley Inmobiliaria y su respectivo reglamento.<\/p>\n\n\n\n<p>Quien realiz\u00f3 la toma de protesta del Consejo Directivo de la AMPI 2023-2024,<br>fue Ignacio Lacunza Maga\u00f1a, presidente nacional de la Asociaci\u00f3n Mexicana de Profesionales Inmobiliarios.<\/p>\n\n\n\n<blockquote class=\"wp-block-quote is-layout-flow wp-block-quote-is-layout-flow\"><p>\u201cEste es el acto m\u00e1s solemne que tenemos en la AMPI en cada una de las secciones. Vengo a ratificar un compromiso moral y profesional con quienes conforman esta secci\u00f3n y que genera riqueza al pa\u00eds, al estado y municipio\u201d.<\/p><\/blockquote>\n\n\n\n<p>En su discurso exhort\u00f3 a realizar esfuerzos para que el reglamento de la Ley Inmobiliaria de Veracruz pronto est\u00e9 vigente.<\/p>\n\n\n\n<p>Asisti\u00f3 la alcaldesa de Veracruz Patricia Lobeira Rodr\u00edguez, quien agradeci\u00f3 la invitaci\u00f3n a la toma de protesta. Felicit\u00f3 a Lizbeth Mora, por el trabajo realizado durante su gesti\u00f3n y se dijo segura de que Sergio Lavalle Garc\u00e9s antepondr\u00e1 la \u00e9tica de AMPI en su labor.<\/p>\n\n\n\n<blockquote class=\"wp-block-quote is-layout-flow wp-block-quote-is-layout-flow\"><p>\u201cQuiero reconocer la labor de AMPI en estos 29 a\u00f1os en Veracruz. El sector inmobiliario es de los m\u00e1s fuertes de la econom\u00eda\u201d.<\/p><\/blockquote>\n\n\n\n<p>En representaci\u00f3n del alcalde de Boca del R\u00edo, asisti\u00f3 la s\u00edndica Susana Tiburcio Galicia, quien reconoci\u00f3 el crecimiento inmobiliario del municipio.<\/p>\n\n\n\n<p>Dijo que el progreso sostenido de la infraestructura urbana y de la mejora de la calidad de vida de los habitantes es por la suma de esfuerzos con c\u00e1maras, colegios y barras profesionales.<\/p>\n\n\n\n<p>La presidenta saliente de AMPI, Lizbeth Mora agradeci\u00f3 la confianza de los socios durante el tiempo de su gesti\u00f3n y dese\u00f3 el mejor de los \u00e9xitos al nuevo Consejo Directivo.<\/p>\n\n\n\n<p>Tambi\u00e9n asistieron al evento Dalos Rodr\u00edguez, en representaci\u00f3n de la alcaldesa de Alvarado, Lizzette \u00c1lvarez Vera; as\u00ed como la diputada local del PRI, Anil\u00fa Ingram Vallines.<\/p>\n\n\n\n<p>El Consejo Directivo de la AMPI 2023-2024 qued\u00f3 conformado de la siguiente manera:<br>Lic. Sergio Lavalle Garc\u00e9s<br>Presidente<br>Lic. Blanca Juarez Inoroza<br>Vicepresidenta<br>Lic. Ver\u00f3nica Gonz\u00e1lez Lara<br>Consejera Administraci\u00f3n y Afiliaci\u00f3n<br>Lic. Cesya Gonz\u00e1lez Ceballos<br>Secretaria<br>CP. Alberto Montalvo Hern\u00e1ndez<br>Tesorero<br>Lic. Flor ???????????????? ????????????????????????????????<br>Consejera Capacitaci\u00f3n<br>CP. Karina Rivera Hern\u00e1ndez<br>Consejera Comunicaci\u00f3n<\/p>\n","protected":false},"excerpt":{"rendered":"<p>Jes\u00fas Utrilla | NV Noticias Sergio Lavalle Garc\u00e9s rindi\u00f3 protesta como presidente de la Asociaci\u00f3n Mexicana de Profesionales Inmobiliarios (AMPI) de Veracruz, para el periodo 2023-2024. En su mensaje destac\u00f3 que el mercado inmobiliario se ha convertido en uno de los grandes motores de la econom\u00eda nacional lo que implica grandes retos para el sector. [&hellip;]<\/p>\n","protected":false},"author":35,"featured_media":106864,"comment_status":"open","ping_status":"open","sticky":false,"template":"","format":"standard","meta":{"_monsterinsights_skip_tracking":false,"_monsterinsights_sitenote_active":false,"_monsterinsights_sitenote_note":"","_monsterinsights_sitenote_category":0,"footnotes":""},"categories":[154],"tags":[541,25180,3492,8947],"class_list":["post-106863","post","type-post","status-publish","format-standard","has-post-thumbnail","hentry","category-veracruz","tag-ampi","tag-consejo-directivo","tag-protesta","tag-rinde","wp-image-borders"],"amp_enabled":true,"_links":{"self":[{"href":"https:\/\/nvnoticias.mx\/index.php\/wp-json\/wp\/v2\/posts\/106863","targetHints":{"allow":["GET"]}}],"collection":[{"href":"https:\/\/nvnoticias.mx\/index.php\/wp-json\/wp\/v2\/posts"}],"about":[{"href":"https:\/\/nvnoticias.mx\/index.php\/wp-json\/wp\/v2\/types\/post"}],"author":[{"embeddable":true,"href":"https:\/\/nvnoticias.mx\/index.php\/wp-json\/wp\/v2\/users\/35"}],"replies":[{"embeddable":true,"href":"https:\/\/nvnoticias.mx\/index.php\/wp-json\/wp\/v2\/comments?post=106863"}],"version-history":[{"count":1,"href":"https:\/\/nvnoticias.mx\/index.php\/wp-json\/wp\/v2\/posts\/106863\/revisions"}],"predecessor-version":[{"id":106865,"href":"https:\/\/nvnoticias.mx\/index.php\/wp-json\/wp\/v2\/posts\/106863\/revisions\/106865"}],"wp:featuredmedia":[{"embeddable":true,"href":"https:\/\/nvnoticias.mx\/index.php\/wp-json\/wp\/v2\/media\/106864"}],"wp:attachment":[{"href":"https:\/\/nvnoticias.mx\/index.php\/wp-json\/wp\/v2\/media?parent=106863"}],"wp:term":[{"taxonomy":"category","embeddable":true,"href":"https:\/\/nvnoticias.mx\/index.php\/wp-json\/wp\/v2\/categories?post=106863"},{"taxonomy":"post_tag","embeddable":true,"href":"https:\/\/nvnoticias.mx\/index.php\/wp-json\/wp\/v2\/tags?post=106863"}],"curies":[{"name":"wp","href":"https:\/\/api.w.org\/{rel}","templated":true}]}}