{"id":106858,"date":"2023-05-17T11:34:16","date_gmt":"2023-05-17T16:34:16","guid":{"rendered":"https:\/\/nvnoticias.mx\/?p=106858"},"modified":"2023-05-17T11:34:17","modified_gmt":"2023-05-17T16:34:17","slug":"viajan-lideres-del-mundo-a-cumbre-del-g-7-en-japon","status":"publish","type":"post","link":"https:\/\/nvnoticias.mx\/index.php\/2023\/05\/17\/viajan-lideres-del-mundo-a-cumbre-del-g-7-en-japon\/","title":{"rendered":"Viajan l\u00edderes del mundo a Cumbre del G-7 en Jap\u00f3n"},"content":{"rendered":"\n<p>La ciudad japonesa de<strong>&nbsp;Hiroshima<\/strong>&nbsp;ha comenzado a blindarse con un despliegue policial r\u00e9cord para la celebraci\u00f3n de la cumbre de&nbsp;l\u00edderes del G-7&nbsp;que tendr\u00e1 lugar durante tres d\u00edas a partir del pr\u00f3ximo viernes, con el intento de atentado contra el primer ministro nip\u00f3n Fumio Kishida hace un mes a\u00fan presente.<\/p>\n\n\n\n<p>El presidente brasile\u00f1o, Luiz In\u00e1cio&nbsp;Lula da Silva, embarc\u00f3 este mi\u00e9rcoles para Jap\u00f3n, donde participar\u00e1 en la cumbre del G7 que se celebra los pr\u00f3ximos 20 y 21 de mayo en Hiroshima.<\/p>\n\n\n\n<p>De acuerdo con un comunicado de la Presidencia, durante su&nbsp;<strong>participaci\u00f3n<\/strong>&nbsp;en tres reuniones tem\u00e1ticas del grupo ampliado, Lula \u201cdiscutir\u00e1 la seguridad alimentaria, el combate al cambio clim\u00e1tico y el fortalecimiento al sistema mundial de salud\u201d.<\/p>\n\n\n\n<p>Lula, que acude como invitado a la cumbre del G7, \u201cllevar\u00e1 un mensaje de paz\u201d sobre la guerra en Ucrania, seg\u00fan dijo tambi\u00e9n esta semana el secretario de Asuntos Econ\u00f3micos y Financieros de la Canciller\u00eda brasile\u00f1a, Maur\u00edcio Lyrio, en una rueda de prensa.<a href=\"https:\/\/www.elfinanciero.com.mx\/mercados\/2023\/05\/17\/las-bolsas-asiaticas-cierran-mixtas-japon-sube-por-datos-del-pib\/\"><\/a><\/p>\n\n\n\n<hr class=\"wp-block-separator\"\/>\n\n\n\n<p>Unos 24 mil&nbsp;<strong>agentes<\/strong>&nbsp;ser\u00e1n destinados a la ciudad del oeste del archipi\u00e9lago japon\u00e9s, una cifra nunca antes vista para un evento fuera de la capital y que supera en mil el n\u00famero de efectivos que se destin\u00f3 a la anterior cumbre del grupo celebrada en Mie en 2016.<\/p>\n\n\n\n<p>Las autoridades locales han comenzado a vigilar ya la ciudad y planean reducir a la mitad el tr\u00e1fico durante las tres jornadas de reuniones para facilitar el movimiento de los dignatarios y minimizar potenciales altercados mientras en el pa\u00eds se respira un ambiente de cierta paranoia que ha dejado ya varias an\u00e9cdotas.<\/p>\n\n\n\n<p>La&nbsp;<strong>sede principal<\/strong>&nbsp;de esta cumbre de l\u00edderes del G-7 es el Gran Prince Hotel Hiroshima, un lujoso hotel ubicado en la isla de Ujina, a cinco kil\u00f3metros del centro de la ciudad, a la que s\u00f3lo se puede acceder a trav\u00e9s de una \u00fanica carretera o por v\u00eda mar\u00edtima.<\/p>\n\n\n\n<p>El acceso al puente que conecta la parte continental de la ciudad del oeste nip\u00f3n con la isla permanece vallado desde el pasado 15 de mayo, momento en el que comenz\u00f3 a restringirse el acceso en preparaci\u00f3n de la cumbre que tendr\u00e1 lugar entre los d\u00edas 19 y 21.<\/p>\n\n\n\n<p>La zona permanecer\u00e1 precintada hasta el domingo, \u00faltima jornada de reuni\u00f3n, al igual que las&nbsp;<strong>restricciones de tr\u00e1fico<\/strong>&nbsp;a gran escala por toda la ciudad, con el objetivo de facilitar el desplazamiento de los l\u00edderes de Alemania, Canad\u00e1, Francia, Italia, Jap\u00f3n, Estados Unidos y Reino Unido, y de las potencias y organismos internacionales tambi\u00e9n invitados.<\/p>\n\n\n\n<p>Las autoridades niponaspretenden reducir a la mitad el flujo diario de tr\u00e1fico urbano, para lo que se ha instado a las empresas a practicar teletrabajo o dar vacaciones sus empleados.<\/p>\n\n\n\n<p>Impedir la entrada por tierra al lugar de la sede es relativamente f\u00e1cil, pero la&nbsp;<strong>vigilancia por mar&nbsp;<\/strong>ser\u00e1 clave.<\/p>\n\n\n\n<p>Las aguas del mar interior de Seto que ba\u00f1an la isla de Ujina est\u00e1n salpicadas de islotes. Para evitar puntos ciegos, las autoridades niponas han realizado simulacros para controlar embarcaciones y actividades sospechosas.<\/p>\n\n\n\n<p>Tambi\u00e9n\u00a0<strong>se impedir\u00e1 el acercamiento<\/strong>\u00a0de drones a la zona en\u00a0Jap\u00f3n\u00a0mediante el bloqueo de ondas de radio, algo habitual en estas ocasiones.<\/p>\n\n\n\n<p>Fuente:<a href=\"https:\/\/www.elfinanciero.com.mx\/mundo\/2023\/05\/17\/cumbre-del-g-7-en-japon-lideres-del-mundo-viajan-al-evento-de-que-tratara\/?outputType=amp\" data-type=\"URL\" data-id=\"https:\/\/www.elfinanciero.com.mx\/mundo\/2023\/05\/17\/cumbre-del-g-7-en-japon-lideres-del-mundo-viajan-al-evento-de-que-tratara\/?outputType=amp\"> El Financiero<\/a> <\/p>\n","protected":false},"excerpt":{"rendered":"<p>La ciudad japonesa de&nbsp;Hiroshima&nbsp;ha comenzado a blindarse con un despliegue policial r\u00e9cord para la celebraci\u00f3n de la cumbre de&nbsp;l\u00edderes del G-7&nbsp;que tendr\u00e1 lugar durante tres d\u00edas a partir del pr\u00f3ximo viernes, con el intento de atentado contra el primer ministro nip\u00f3n Fumio Kishida hace un mes a\u00fan presente. El presidente brasile\u00f1o, Luiz In\u00e1cio&nbsp;Lula da Silva, [&hellip;]<\/p>\n","protected":false},"author":35,"featured_media":106860,"comment_status":"open","ping_status":"open","sticky":false,"template":"","format":"standard","meta":{"_monsterinsights_skip_tracking":false,"_monsterinsights_sitenote_active":false,"_monsterinsights_sitenote_note":"","_monsterinsights_sitenote_category":0,"footnotes":""},"categories":[181],"tags":[25179,644,9313,22999],"class_list":["post-106858","post","type-post","status-publish","format-standard","has-post-thumbnail","hentry","category-internacional","tag-cumbre-del-g-7","tag-japon","tag-lideres","tag-viajan","wp-image-borders"],"amp_enabled":true,"_links":{"self":[{"href":"https:\/\/nvnoticias.mx\/index.php\/wp-json\/wp\/v2\/posts\/106858","targetHints":{"allow":["GET"]}}],"collection":[{"href":"https:\/\/nvnoticias.mx\/index.php\/wp-json\/wp\/v2\/posts"}],"about":[{"href":"https:\/\/nvnoticias.mx\/index.php\/wp-json\/wp\/v2\/types\/post"}],"author":[{"embeddable":true,"href":"https:\/\/nvnoticias.mx\/index.php\/wp-json\/wp\/v2\/users\/35"}],"replies":[{"embeddable":true,"href":"https:\/\/nvnoticias.mx\/index.php\/wp-json\/wp\/v2\/comments?post=106858"}],"version-history":[{"count":3,"href":"https:\/\/nvnoticias.mx\/index.php\/wp-json\/wp\/v2\/posts\/106858\/revisions"}],"predecessor-version":[{"id":106862,"href":"https:\/\/nvnoticias.mx\/index.php\/wp-json\/wp\/v2\/posts\/106858\/revisions\/106862"}],"wp:featuredmedia":[{"embeddable":true,"href":"https:\/\/nvnoticias.mx\/index.php\/wp-json\/wp\/v2\/media\/106860"}],"wp:attachment":[{"href":"https:\/\/nvnoticias.mx\/index.php\/wp-json\/wp\/v2\/media?parent=106858"}],"wp:term":[{"taxonomy":"category","embeddable":true,"href":"https:\/\/nvnoticias.mx\/index.php\/wp-json\/wp\/v2\/categories?post=106858"},{"taxonomy":"post_tag","embeddable":true,"href":"https:\/\/nvnoticias.mx\/index.php\/wp-json\/wp\/v2\/tags?post=106858"}],"curies":[{"name":"wp","href":"https:\/\/api.w.org\/{rel}","templated":true}]}}