{"id":106846,"date":"2023-05-17T10:56:04","date_gmt":"2023-05-17T15:56:04","guid":{"rendered":"https:\/\/nvnoticias.mx\/?p=106846"},"modified":"2023-05-17T10:56:06","modified_gmt":"2023-05-17T15:56:06","slug":"insiste-amlo-en-voto-popular-para-elegir-a-la-suprema-corte","status":"publish","type":"post","link":"https:\/\/nvnoticias.mx\/index.php\/2023\/05\/17\/insiste-amlo-en-voto-popular-para-elegir-a-la-suprema-corte\/","title":{"rendered":"Insiste AMLO en voto popular para elegir a la Suprema Corte"},"content":{"rendered":"\n<p>Este mi\u00e9rcoles 17 de mayo el presidente&nbsp;<strong>Andr\u00e9s Manuel L\u00f3pez Obrador<\/strong>&nbsp;insisti\u00f3 en llevar a cabo una consulta popular para determinar si se eligen a los ministros de la Suprema Corte de Justicia de la Naci\u00f3n a trav\u00e9s del voto popular porque \u201cel pueblo manda\u201d.<\/p>\n\n\n\n<p>En el espacio de la conferencia ma\u00f1anera, el pol\u00edtico tabasque\u00f1o se lanz\u00f3 nuevamente contra el Poder Judicial y afirm\u00f3 que est\u00e1 podrido, pues \u00fanicamente sirve a \u201cpotentados y a los delincuentes\u201d, por lo que es necesario renovarlo.<\/p>\n\n\n\n<p>Para el titular del Ejecutivo es bueno preguntarle a la gente sobre magistrados y ministros para determinar si se les debe elegir por voto popular.<\/p>\n\n\n\n<blockquote class=\"wp-block-quote is-layout-flow wp-block-quote-is-layout-flow\"><p>\u201cY por qu\u00e9 no consultar y preguntar al pueblo. Que los ministros de la Corte los elija el pueblo con voto secreto y universal, que no lo elija la \u00e9lite del poder, si no que sea el pueblo\u201d, dijo el mandatario.<\/p><\/blockquote>\n\n\n\n<p>El pol\u00edtico tabasque\u00f1o insisti\u00f3 que se trata de un mal tan arraigado y que el\u00a0<strong>Poder Judicial se fue degradando<\/strong>. \u201cEs un proceso de degradaci\u00f3n progresivo\u201d.<\/p>\n\n\n\n<p>Sin embargo, reconoci\u00f3 que se debe analizar el marco legal y si hay tiempo para esta consulta, pues la Constituci\u00f3n proh\u00edbe llevar a cabo este ejercicio durante los periodos electorales.<\/p>\n\n\n\n<blockquote class=\"wp-block-quote is-layout-flow wp-block-quote-is-layout-flow\"><p>\u201cNo se pueden llevar a cabo consultas cuando inician los procesos electorales. Si hay tiempo y est\u00e1 permitido por la ley, ser\u00eda bueno porque hay que informarle a la gente y todos tenemos que participar en limpiar, moralizar, purificar la vida p\u00fablica\u201d.<\/p><\/blockquote>\n\n\n\n<p>En ese sentido, manifest\u00f3 su deseo de que la consulta ciudadana y elecci\u00f3n de nuevos ministros se lleve a cabo, incluso reiter\u00f3 que es un tema muy sencillo.<\/p>\n\n\n\n<blockquote class=\"wp-block-quote is-layout-flow wp-block-quote-is-layout-flow\"><p><strong>\u201c\u00bfQuieres que se elijan a los jueces,\u00a0<\/strong>a los magistrados, a los ministros de la Corte que forman parte del Poder Judicial? S\u00ed o No, ah\u00ed est\u00e1 la pregunta ya y ah\u00ed van a ver c\u00f3mo van a bloquear los conservadores y decir que no vayan a vota\u201d, resalt\u00f3.<\/p><\/blockquote>\n\n\n\n<p>Fuente: <a href=\"https:\/\/www.infobae.com\/mexico\/2023\/05\/17\/si-hay-que-renovar-al-poder-judicial-amlo-insistio-en-voto-popular-para-elegir-a-la-suprema-corte\/\" data-type=\"URL\" data-id=\"https:\/\/www.infobae.com\/mexico\/2023\/05\/17\/si-hay-que-renovar-al-poder-judicial-amlo-insistio-en-voto-popular-para-elegir-a-la-suprema-corte\/\">Infobae<\/a> <\/p>\n","protected":false},"excerpt":{"rendered":"<p>Este mi\u00e9rcoles 17 de mayo el presidente&nbsp;Andr\u00e9s Manuel L\u00f3pez Obrador&nbsp;insisti\u00f3 en llevar a cabo una consulta popular para determinar si se eligen a los ministros de la Suprema Corte de Justicia de la Naci\u00f3n a trav\u00e9s del voto popular porque \u201cel pueblo manda\u201d. En el espacio de la conferencia ma\u00f1anera, el pol\u00edtico tabasque\u00f1o se lanz\u00f3 [&hellip;]<\/p>\n","protected":false},"author":35,"featured_media":106848,"comment_status":"open","ping_status":"open","sticky":false,"template":"","format":"standard","meta":{"_monsterinsights_skip_tracking":false,"_monsterinsights_sitenote_active":false,"_monsterinsights_sitenote_note":"","_monsterinsights_sitenote_category":0,"footnotes":""},"categories":[158],"tags":[188,14624,162,748,20668],"class_list":["post-106846","post","type-post","status-publish","format-standard","has-post-thumbnail","hentry","category-politica","tag-amlo","tag-insiste","tag-portada","tag-suprema-corte-de-justicia-de-la-nacion","tag-voto-popular","wp-image-borders"],"amp_enabled":true,"_links":{"self":[{"href":"https:\/\/nvnoticias.mx\/index.php\/wp-json\/wp\/v2\/posts\/106846","targetHints":{"allow":["GET"]}}],"collection":[{"href":"https:\/\/nvnoticias.mx\/index.php\/wp-json\/wp\/v2\/posts"}],"about":[{"href":"https:\/\/nvnoticias.mx\/index.php\/wp-json\/wp\/v2\/types\/post"}],"author":[{"embeddable":true,"href":"https:\/\/nvnoticias.mx\/index.php\/wp-json\/wp\/v2\/users\/35"}],"replies":[{"embeddable":true,"href":"https:\/\/nvnoticias.mx\/index.php\/wp-json\/wp\/v2\/comments?post=106846"}],"version-history":[{"count":4,"href":"https:\/\/nvnoticias.mx\/index.php\/wp-json\/wp\/v2\/posts\/106846\/revisions"}],"predecessor-version":[{"id":106851,"href":"https:\/\/nvnoticias.mx\/index.php\/wp-json\/wp\/v2\/posts\/106846\/revisions\/106851"}],"wp:featuredmedia":[{"embeddable":true,"href":"https:\/\/nvnoticias.mx\/index.php\/wp-json\/wp\/v2\/media\/106848"}],"wp:attachment":[{"href":"https:\/\/nvnoticias.mx\/index.php\/wp-json\/wp\/v2\/media?parent=106846"}],"wp:term":[{"taxonomy":"category","embeddable":true,"href":"https:\/\/nvnoticias.mx\/index.php\/wp-json\/wp\/v2\/categories?post=106846"},{"taxonomy":"post_tag","embeddable":true,"href":"https:\/\/nvnoticias.mx\/index.php\/wp-json\/wp\/v2\/tags?post=106846"}],"curies":[{"name":"wp","href":"https:\/\/api.w.org\/{rel}","templated":true}]}}