{"id":106758,"date":"2023-05-16T12:43:09","date_gmt":"2023-05-16T17:43:09","guid":{"rendered":"https:\/\/nvnoticias.mx\/?p=106758"},"modified":"2023-05-16T12:43:10","modified_gmt":"2023-05-16T17:43:10","slug":"transportistas-obstruyen-con-unidades-la-entrada-al-puerto-de-veracruz","status":"publish","type":"post","link":"https:\/\/nvnoticias.mx\/index.php\/2023\/05\/16\/transportistas-obstruyen-con-unidades-la-entrada-al-puerto-de-veracruz\/","title":{"rendered":"Transportistas obstruyen con unidades la entrada al Puerto de Veracruz"},"content":{"rendered":"\n<p><strong>Jes\u00fas Utrilla | NV Noticias<\/strong><\/p>\n\n\n\n<p>Transportistas atravesaron unidades en el acceso al Puerto de Veracruz para exigir mejores condiciones.<\/p>\n\n\n\n<p>Guillermo, uno de quienes se encuentran en la larga fila que se form\u00f3 sobre el kil\u00f3metro 13.5, dijo que en la ruta fiscal tardan hasta siete horas para que revisen la mercanc\u00eda y las unidades y en ese tiempo no tienen acceso a sanitarios porque realmente no existe infraestructura.Se\u00f1al\u00f3 que adem\u00e1s les dan mal trato al interior de la aduana.<\/p>\n\n\n\n<blockquote class=\"wp-block-quote is-layout-flow wp-block-quote-is-layout-flow\"><p>\u201cNos tratan como si fu\u00e9ramos delincuentes cuando realmente estamos trabajando y a veces si les contestas feo o les contestas simplemente, te castigan hasta 90 d\u00edas sin que puedas trabajar t\u00fa como operador y tampoco el cami\u00f3n\u201d.<\/p><\/blockquote>\n\n\n\n<p>Los camioneros generaron una larga fila por el bloqueo y es que se\u00f1alan que tambi\u00e9n requieren un trato justo por parte de las autoridades portuarias.<\/p>\n\n\n\n<p>A trav\u00e9s de la C\u00e1mara Nacional del Autotransporte de Carga se quejaron de que el el ingreso y la salida del Puerto de Veracruz lleva un procedimiento actual de 12 horas o m\u00e1s por falta de puntos de revisi\u00f3n.<\/p>\n\n\n\n<p>En el punto donde atravesaron las unidades llegaron elementos de la polic\u00eda, sin embargo, solamente se mantuvieron vigilantes.<\/p>\n","protected":false},"excerpt":{"rendered":"<p>Jes\u00fas Utrilla | NV Noticias Transportistas atravesaron unidades en el acceso al Puerto de Veracruz para exigir mejores condiciones. Guillermo, uno de quienes se encuentran en la larga fila que se form\u00f3 sobre el kil\u00f3metro 13.5, dijo que en la ruta fiscal tardan hasta siete horas para que revisen la mercanc\u00eda y las unidades y [&hellip;]<\/p>\n","protected":false},"author":35,"featured_media":106759,"comment_status":"open","ping_status":"open","sticky":false,"template":"","format":"standard","meta":{"_monsterinsights_skip_tracking":false,"_monsterinsights_sitenote_active":false,"_monsterinsights_sitenote_note":"","_monsterinsights_sitenote_category":0,"footnotes":""},"categories":[154],"tags":[25157,749,709,7962],"class_list":["post-106758","post","type-post","status-publish","format-standard","has-post-thumbnail","hentry","category-veracruz","tag-obstruyen","tag-puerto-de-veracruz","tag-transportistas","tag-unidades","wp-image-borders"],"amp_enabled":true,"_links":{"self":[{"href":"https:\/\/nvnoticias.mx\/index.php\/wp-json\/wp\/v2\/posts\/106758","targetHints":{"allow":["GET"]}}],"collection":[{"href":"https:\/\/nvnoticias.mx\/index.php\/wp-json\/wp\/v2\/posts"}],"about":[{"href":"https:\/\/nvnoticias.mx\/index.php\/wp-json\/wp\/v2\/types\/post"}],"author":[{"embeddable":true,"href":"https:\/\/nvnoticias.mx\/index.php\/wp-json\/wp\/v2\/users\/35"}],"replies":[{"embeddable":true,"href":"https:\/\/nvnoticias.mx\/index.php\/wp-json\/wp\/v2\/comments?post=106758"}],"version-history":[{"count":1,"href":"https:\/\/nvnoticias.mx\/index.php\/wp-json\/wp\/v2\/posts\/106758\/revisions"}],"predecessor-version":[{"id":106760,"href":"https:\/\/nvnoticias.mx\/index.php\/wp-json\/wp\/v2\/posts\/106758\/revisions\/106760"}],"wp:featuredmedia":[{"embeddable":true,"href":"https:\/\/nvnoticias.mx\/index.php\/wp-json\/wp\/v2\/media\/106759"}],"wp:attachment":[{"href":"https:\/\/nvnoticias.mx\/index.php\/wp-json\/wp\/v2\/media?parent=106758"}],"wp:term":[{"taxonomy":"category","embeddable":true,"href":"https:\/\/nvnoticias.mx\/index.php\/wp-json\/wp\/v2\/categories?post=106758"},{"taxonomy":"post_tag","embeddable":true,"href":"https:\/\/nvnoticias.mx\/index.php\/wp-json\/wp\/v2\/tags?post=106758"}],"curies":[{"name":"wp","href":"https:\/\/api.w.org\/{rel}","templated":true}]}}