{"id":106711,"date":"2023-05-15T21:48:51","date_gmt":"2023-05-16T02:48:51","guid":{"rendered":"https:\/\/nvnoticias.mx\/?p=106711"},"modified":"2023-05-15T21:48:52","modified_gmt":"2023-05-16T02:48:52","slug":"fortalecimiento-y-empoderamiento-de-las-mujeres-prioridad-de-boca-del-rio","status":"publish","type":"post","link":"https:\/\/nvnoticias.mx\/index.php\/2023\/05\/15\/fortalecimiento-y-empoderamiento-de-las-mujeres-prioridad-de-boca-del-rio\/","title":{"rendered":"Fortalecimiento y empoderamiento de las mujeres, prioridad de Boca del R\u00edo"},"content":{"rendered":"\n<p><strong>Jes\u00fas Utrilla \/ NV Noticias <\/strong><\/p>\n\n\n\n<p>Una de las prioridades para la administraci\u00f3n municipal que encabeza el Alcalde Juan Un\u00e1nue Abascal, es que las mujeres tengan espacios de aprendizaje que contribuyan al fortalecimiento de su empoderamiento a trav\u00e9s de programas y proyectos que les permita mejorar su desarrollo integral y calidad de vida.<\/p>\n\n\n\n<p>Tal es el caso de los cursos y talleres que se siguen llevando a cabo en el Instituto Municipal de las Mujeres de Boca del R\u00edo, actividades que adem\u00e1s de aprender una habilidad, les permitir\u00e1 mejorar la econom\u00eda personal y de su entorno familiar. <\/p>\n\n\n\n<blockquote class=\"wp-block-quote is-layout-flow wp-block-quote-is-layout-flow\"><p><em>\u201cSeguimos trabajando de manera coordinada con el Instituto Municipal de las Mujeres siempre en beneficio de las boque\u00f1as, es un trabajo constante que venimos realizando desde el inicio de mi administraci\u00f3n. <\/em><\/p><\/blockquote>\n\n\n\n<blockquote class=\"wp-block-quote is-layout-flow wp-block-quote-is-layout-flow\"><p><em>\u201cAqu\u00ed no nada m\u00e1s se atienden problemas de cualquier tipo de violencia, sino tambi\u00e9n se capacitan en muchos temas que abonen al fortalecimiento humano de todas ellas\u201d, explic\u00f3 el Alcalde. <\/em><\/p><\/blockquote>\n\n\n\n<p>Por su parte, la directora del IMMUJERES, Ana Gabriela Pantoja Andrade, detall\u00f3 que este tipo de actividades que est\u00e1n disponibles en el instituto han sido todo un \u00e9xito, por tal motivo los siguen llevando a cabo de manera permanente y otros temporales.<\/p>\n\n\n\n<p>Empezando por el Curso de Manualidades en el que aprender\u00e1n a realizar jabones org\u00e1nicos, art\u00edculos con hojas de ma\u00edz, adornos en silic\u00f3n, elaboraci\u00f3n de dulceros y plastificados en tela los jueves y viernes de 9 a 14 horas.<\/p>\n\n\n\n<p>Continuando por el Curso de Corte y Confecci\u00f3n (prensas para damas y ni\u00f1as), en un horario de 14 a 18 horas de lunes a viernes con una duraci\u00f3n de seis meses. Y adem\u00e1s del Taller de Tapicer\u00eda (tapizado de muebles), realiz\u00e1ndose los lunes, martes y mi\u00e9rcoles de 9 de la ma\u00f1ana a 2 de la tarde. <\/p>\n\n\n\n<p>Tambi\u00e9n se  inform\u00f3 que hay talleres permanentes como: Defensa Personal, C\u00edrculo de Mujeres (meditaci\u00f3n y terapias de medicina emocional), de Tejido con Lirio Acu\u00e1tico, Tejido de Rafia y Grupos Reflexivos para Mujeres.<\/p>\n\n\n\n<p>Sum\u00e1ndose la Jornada de Salud que se llevar\u00e1 a cabo el pr\u00f3ximo 4 de mayo a las 9 de la ma\u00f1ana en las instalaciones del instituto en colaboraci\u00f3n con The Vitamin Center, en la que habr\u00e1 consulta m\u00e9dica general, nutrici\u00f3n y odontolog\u00eda (sin costo), aqu\u00ed se requiere previa cita para cualquiera de estos servicios.<\/p>\n\n\n\n<p>Por \u00faltimo el Presidente Municipal, Juan Manuel Un\u00e1nue Abascal, recalc\u00f3 que su gobierno trabaja para mejorar y ejecutar pol\u00edticas con la perspectiva de g\u00e9nero, promover, respetar, proteger y garantizar los derechos de las mujeres y ni\u00f1as en Boca del R\u00edo.<\/p>\n\n\n\n<p>Para mayor informaci\u00f3n puedes visitar las instalaciones del Instituto Municipal de las Mujeres de Boca del R\u00edo ubicadas en Av. 7 s\/n entre Calle 1 y Calle 18, Col. Venustiano Carranza en un horario de atenci\u00f3n de 9:00 am a 6:00 pm de lunes a viernes, o comunicarse al 2291 678688 o en Facebook: Immujeresboca.<\/p>\n","protected":false},"excerpt":{"rendered":"<p>Jes\u00fas Utrilla \/ NV Noticias Una de las prioridades para la administraci\u00f3n municipal que encabeza el Alcalde Juan Un\u00e1nue Abascal, es que las mujeres tengan espacios de aprendizaje que contribuyan al fortalecimiento de su empoderamiento a trav\u00e9s de programas y proyectos que les permita mejorar su desarrollo integral y calidad de vida. Tal es el [&hellip;]<\/p>\n","protected":false},"author":8,"featured_media":106712,"comment_status":"open","ping_status":"open","sticky":false,"template":"","format":"standard","meta":{"_monsterinsights_skip_tracking":false,"_monsterinsights_sitenote_active":false,"_monsterinsights_sitenote_note":"","_monsterinsights_sitenote_category":0,"footnotes":""},"categories":[154],"tags":[423,4045],"class_list":["post-106711","post","type-post","status-publish","format-standard","has-post-thumbnail","hentry","category-veracruz","tag-boca-del-rio","tag-unanue","wp-image-borders"],"amp_enabled":true,"_links":{"self":[{"href":"https:\/\/nvnoticias.mx\/index.php\/wp-json\/wp\/v2\/posts\/106711","targetHints":{"allow":["GET"]}}],"collection":[{"href":"https:\/\/nvnoticias.mx\/index.php\/wp-json\/wp\/v2\/posts"}],"about":[{"href":"https:\/\/nvnoticias.mx\/index.php\/wp-json\/wp\/v2\/types\/post"}],"author":[{"embeddable":true,"href":"https:\/\/nvnoticias.mx\/index.php\/wp-json\/wp\/v2\/users\/8"}],"replies":[{"embeddable":true,"href":"https:\/\/nvnoticias.mx\/index.php\/wp-json\/wp\/v2\/comments?post=106711"}],"version-history":[{"count":1,"href":"https:\/\/nvnoticias.mx\/index.php\/wp-json\/wp\/v2\/posts\/106711\/revisions"}],"predecessor-version":[{"id":106713,"href":"https:\/\/nvnoticias.mx\/index.php\/wp-json\/wp\/v2\/posts\/106711\/revisions\/106713"}],"wp:featuredmedia":[{"embeddable":true,"href":"https:\/\/nvnoticias.mx\/index.php\/wp-json\/wp\/v2\/media\/106712"}],"wp:attachment":[{"href":"https:\/\/nvnoticias.mx\/index.php\/wp-json\/wp\/v2\/media?parent=106711"}],"wp:term":[{"taxonomy":"category","embeddable":true,"href":"https:\/\/nvnoticias.mx\/index.php\/wp-json\/wp\/v2\/categories?post=106711"},{"taxonomy":"post_tag","embeddable":true,"href":"https:\/\/nvnoticias.mx\/index.php\/wp-json\/wp\/v2\/tags?post=106711"}],"curies":[{"name":"wp","href":"https:\/\/api.w.org\/{rel}","templated":true}]}}