{"id":106687,"date":"2023-05-15T20:50:32","date_gmt":"2023-05-16T01:50:32","guid":{"rendered":"https:\/\/nvnoticias.mx\/?p=106687"},"modified":"2023-05-15T20:50:34","modified_gmt":"2023-05-16T01:50:34","slug":"centros-de-migrantes-de-eu-aun-saturados","status":"publish","type":"post","link":"https:\/\/nvnoticias.mx\/index.php\/2023\/05\/15\/centros-de-migrantes-de-eu-aun-saturados\/","title":{"rendered":"Centros de migrantes de EU, a\u00fan saturados"},"content":{"rendered":"\n<p>Pese a continuar por encima de su capacidad, los centros de detenci\u00f3n y procesamiento de migrantes en la frontera de M\u00e9xico y Estados Unidos est\u00e1n cada vez menos llenos tras el levantamiento del T\u00edtulo 42, informaron autoridades estadunidenses.<\/p>\n\n\n\n<p>Blas N\u00fa\u00f1ez-Neto,\u00a0subsecretario de Pol\u00edtica Fronteriza e Inmigraci\u00f3n del Departamento de Seguridad Nacional (DHS, por sus siglas en ingl\u00e9s) dijo a periodistas que a tres d\u00edas del fin de la medida sanitaria que expulsaba a los migrantes, todav\u00eda hay miles de personas en instalaciones de la Patrulla Fronteriza.<\/p>\n\n\n\n<p>El responsable del DHS confirm\u00f3 que los cruces de migrantes en la frontera con M\u00e9xico se han reducido el 50% en comparaci\u00f3n con los d\u00edas previos al fin del T\u00edtulo 42, aunque avis\u00f3 de que la situaci\u00f3n es &#8220;fluida&#8221;, y que los traficantes de personas tratar\u00e1n de aprovechar los cambios en la pol\u00edtica migratoria.<\/p>\n\n\n\n<p>Anteriormente, el secretario de Seguridad Nacional,\u00a0Alejandro Mayorkas, anunci\u00f3 el domingo la reducci\u00f3n de cruces de migrantes, que atribuy\u00f3 a la expansi\u00f3n de la capacidad de procesamiento financiada por la Administraci\u00f3n del dem\u00f3crata Joe Biden.<\/p>\n\n\n\n<p>Fuente: <a href=\"https:\/\/www.milenio.com\/internacional\/centros-migrantes-eu-saturados-llenos-dhs\">Milenio<\/a><\/p>\n","protected":false},"excerpt":{"rendered":"<p>Pese a continuar por encima de su capacidad, los centros de detenci\u00f3n y procesamiento de migrantes en la frontera de M\u00e9xico y Estados Unidos est\u00e1n cada vez menos llenos tras el levantamiento del T\u00edtulo 42, informaron autoridades estadunidenses. Blas N\u00fa\u00f1ez-Neto,\u00a0subsecretario de Pol\u00edtica Fronteriza e Inmigraci\u00f3n del Departamento de Seguridad Nacional (DHS, por sus siglas en [&hellip;]<\/p>\n","protected":false},"author":8,"featured_media":44208,"comment_status":"open","ping_status":"open","sticky":false,"template":"","format":"standard","meta":{"_monsterinsights_skip_tracking":false,"_monsterinsights_sitenote_active":false,"_monsterinsights_sitenote_note":"","_monsterinsights_sitenote_category":0,"footnotes":""},"categories":[181],"tags":[25152,3218,162],"class_list":["post-106687","post","type-post","status-publish","format-standard","has-post-thumbnail","hentry","category-internacional","tag-centros-migratorios","tag-eu","tag-portada","wp-image-borders"],"amp_enabled":true,"_links":{"self":[{"href":"https:\/\/nvnoticias.mx\/index.php\/wp-json\/wp\/v2\/posts\/106687","targetHints":{"allow":["GET"]}}],"collection":[{"href":"https:\/\/nvnoticias.mx\/index.php\/wp-json\/wp\/v2\/posts"}],"about":[{"href":"https:\/\/nvnoticias.mx\/index.php\/wp-json\/wp\/v2\/types\/post"}],"author":[{"embeddable":true,"href":"https:\/\/nvnoticias.mx\/index.php\/wp-json\/wp\/v2\/users\/8"}],"replies":[{"embeddable":true,"href":"https:\/\/nvnoticias.mx\/index.php\/wp-json\/wp\/v2\/comments?post=106687"}],"version-history":[{"count":1,"href":"https:\/\/nvnoticias.mx\/index.php\/wp-json\/wp\/v2\/posts\/106687\/revisions"}],"predecessor-version":[{"id":106688,"href":"https:\/\/nvnoticias.mx\/index.php\/wp-json\/wp\/v2\/posts\/106687\/revisions\/106688"}],"wp:featuredmedia":[{"embeddable":true,"href":"https:\/\/nvnoticias.mx\/index.php\/wp-json\/wp\/v2\/media\/44208"}],"wp:attachment":[{"href":"https:\/\/nvnoticias.mx\/index.php\/wp-json\/wp\/v2\/media?parent=106687"}],"wp:term":[{"taxonomy":"category","embeddable":true,"href":"https:\/\/nvnoticias.mx\/index.php\/wp-json\/wp\/v2\/categories?post=106687"},{"taxonomy":"post_tag","embeddable":true,"href":"https:\/\/nvnoticias.mx\/index.php\/wp-json\/wp\/v2\/tags?post=106687"}],"curies":[{"name":"wp","href":"https:\/\/api.w.org\/{rel}","templated":true}]}}