{"id":106660,"date":"2023-05-15T15:22:22","date_gmt":"2023-05-15T20:22:22","guid":{"rendered":"https:\/\/nvnoticias.mx\/?p=106660"},"modified":"2023-05-15T15:22:23","modified_gmt":"2023-05-15T20:22:23","slug":"hay-barcos-hundidos-en-aguas-de-veracruz-y-los-analizaran","status":"publish","type":"post","link":"https:\/\/nvnoticias.mx\/index.php\/2023\/05\/15\/hay-barcos-hundidos-en-aguas-de-veracruz-y-los-analizaran\/","title":{"rendered":"Hay barcos hundidos en aguas de Veracruz y los analizar\u00e1n"},"content":{"rendered":"\n<p><strong>Jes\u00fas Utrilla \/ NV Noticias <\/strong><\/p>\n\n\n\n<p>La Universidad Veracruzana en coordinaci\u00f3n con Green Pece inspeccionar\u00e1n aguas de Veracruz donde se presume hay barcos hundidos.<\/p>\n\n\n\n<p>Javier Bello Pineda, director del Instituto de Ciencias Marinas y Pesquer\u00edas de la UV, dijo que al sur del Sistema Arrecifal Veracruzano, est\u00e1 el Carcachas, un barco hundido de 1920.<\/p>\n\n\n\n<p>Aprovechando la visita del buque Arctic Sunrise realizar\u00e1 investigaciones diversas con tecnolog\u00eda de punta.<\/p>\n\n\n\n<p>Esto permitir\u00e1 descubrir ese y otros barcos hundidos del siglo pasado que incluso podr\u00edan detonarse tur\u00edsticamente.<\/p>\n\n\n\n<p>En el caso del Carcachas, dijo que la embarcaci\u00f3n tra\u00eda varios autobuses de carros y actualmente est\u00e1n recubiertos por coral.<\/p>\n\n\n\n<blockquote class=\"wp-block-quote is-layout-flow wp-block-quote-is-layout-flow\"><p><em>\u201cEn la zona hay patrimonio cultural e hist\u00f3rico poco estudiado y se analizar\u00e1n barcos, para estudiarlos con los equipos\u201d.<\/em><\/p><\/blockquote>\n\n\n\n<p>Se analizar\u00e1 el sitio al sur del parque as\u00ed como otros puntos donde podr\u00eda haber m\u00e1s barcos.<\/p>\n\n\n\n<p>La Universidad Veracruzana contribuir\u00e1 con Green Pece estudiando toda la zona ya que es importante proteger los ecosistemas arrecifales, pues de ah\u00ed dependen los servicios ecosist\u00e9micos de importancia comercial y de refugio para peces.<\/p>\n\n\n\n<p>En otros pa\u00edses hacen esfuerzos similares para ampliar el pol\u00edgono de los arrecifes y se busca hacer lo mismo en Veracruz.<\/p>\n\n\n\n<p>La informaci\u00f3n se ocupar\u00e1 como sustento para nuevos proyectos ya que acusaron que en  la ampliaci\u00f3n del Puerto de Veracruz no hubo datos cient\u00edficos.<\/p>\n","protected":false},"excerpt":{"rendered":"<p>Jes\u00fas Utrilla \/ NV Noticias La Universidad Veracruzana en coordinaci\u00f3n con Green Pece inspeccionar\u00e1n aguas de Veracruz donde se presume hay barcos hundidos. Javier Bello Pineda, director del Instituto de Ciencias Marinas y Pesquer\u00edas de la UV, dijo que al sur del Sistema Arrecifal Veracruzano, est\u00e1 el Carcachas, un barco hundido de 1920. Aprovechando la [&hellip;]<\/p>\n","protected":false},"author":8,"featured_media":106665,"comment_status":"open","ping_status":"open","sticky":false,"template":"","format":"standard","meta":{"_monsterinsights_skip_tracking":false,"_monsterinsights_sitenote_active":false,"_monsterinsights_sitenote_note":"","_monsterinsights_sitenote_category":0,"footnotes":""},"categories":[154],"tags":[25147,12539,1107],"class_list":["post-106660","post","type-post","status-publish","format-standard","has-post-thumbnail","hentry","category-veracruz","tag-barcos-hundidos","tag-greenpeace","tag-universidad-veracruzana","wp-image-borders"],"amp_enabled":true,"_links":{"self":[{"href":"https:\/\/nvnoticias.mx\/index.php\/wp-json\/wp\/v2\/posts\/106660","targetHints":{"allow":["GET"]}}],"collection":[{"href":"https:\/\/nvnoticias.mx\/index.php\/wp-json\/wp\/v2\/posts"}],"about":[{"href":"https:\/\/nvnoticias.mx\/index.php\/wp-json\/wp\/v2\/types\/post"}],"author":[{"embeddable":true,"href":"https:\/\/nvnoticias.mx\/index.php\/wp-json\/wp\/v2\/users\/8"}],"replies":[{"embeddable":true,"href":"https:\/\/nvnoticias.mx\/index.php\/wp-json\/wp\/v2\/comments?post=106660"}],"version-history":[{"count":1,"href":"https:\/\/nvnoticias.mx\/index.php\/wp-json\/wp\/v2\/posts\/106660\/revisions"}],"predecessor-version":[{"id":106666,"href":"https:\/\/nvnoticias.mx\/index.php\/wp-json\/wp\/v2\/posts\/106660\/revisions\/106666"}],"wp:featuredmedia":[{"embeddable":true,"href":"https:\/\/nvnoticias.mx\/index.php\/wp-json\/wp\/v2\/media\/106665"}],"wp:attachment":[{"href":"https:\/\/nvnoticias.mx\/index.php\/wp-json\/wp\/v2\/media?parent=106660"}],"wp:term":[{"taxonomy":"category","embeddable":true,"href":"https:\/\/nvnoticias.mx\/index.php\/wp-json\/wp\/v2\/categories?post=106660"},{"taxonomy":"post_tag","embeddable":true,"href":"https:\/\/nvnoticias.mx\/index.php\/wp-json\/wp\/v2\/tags?post=106660"}],"curies":[{"name":"wp","href":"https:\/\/api.w.org\/{rel}","templated":true}]}}