{"id":106653,"date":"2023-05-15T15:01:21","date_gmt":"2023-05-15T20:01:21","guid":{"rendered":"https:\/\/nvnoticias.mx\/?p=106653"},"modified":"2023-05-15T15:01:22","modified_gmt":"2023-05-15T20:01:22","slug":"green-pece-analizara-la-situacion-de-los-arrecifes-de-coral-de-veracruz","status":"publish","type":"post","link":"https:\/\/nvnoticias.mx\/index.php\/2023\/05\/15\/green-pece-analizara-la-situacion-de-los-arrecifes-de-coral-de-veracruz\/","title":{"rendered":"Green Pece analizar\u00e1 la situaci\u00f3n de los arrecifes de coral de Veracruz"},"content":{"rendered":"\n<p><strong>Jes\u00fas Utrilla \/ NV Noticias <\/strong><\/p>\n\n\n\n<p>La agrupaci\u00f3n ambientalista Green Pece analizar\u00e1 la situaci\u00f3n de los arrecifes de coral de Veracruz, las amenazas y los da\u00f1os por las construcciones como la ampliaci\u00f3n del puerto.<\/p>\n\n\n\n<p>Viridiana L\u00e1zaro, campa\u00f1ista y coordinadora de la investigaci\u00f3n, dijo que como parte de la campa\u00f1a Mar Adentro Mar Afuera el buque Arctic Sunrise realizar\u00e1 investigaciones diversas.<\/p>\n\n\n\n<blockquote class=\"wp-block-quote is-layout-flow wp-block-quote-is-layout-flow\"><p><em>\u201cEsto nos ayudar\u00e1 a solicitar a la Secretar\u00eda del Medio Ambiente y Recursos Naturales a que se ampl\u00eden las \u00e1reas marinas protegidas y se protejan\u201d.<\/em><\/p><\/blockquote>\n\n\n\n<p>Las investigaciones en el mar permitir\u00e1n la protecci\u00f3n de los arrecifes reci\u00e9n descubiertos en la zona.<\/p>\n\n\n\n<p>Tambi\u00e9n se proteger\u00e1n los arrecifes que no est\u00e1n dentro del sistema Arrecifal Veracruzano y en Tuxpan. <\/p>\n\n\n\n<p>Record\u00f3 que los arrecifes son refugio de peces, protege el agua, especies en peligro de extinci\u00f3n y protegen a los veracruzanos de tormentas, marejadas y muchos m\u00e1s. <\/p>\n\n\n\n<blockquote class=\"wp-block-quote is-layout-flow wp-block-quote-is-layout-flow\"><p>\u201c<em>El barco nos ayudar\u00e1 a generar conciencia entre las personas que lo visiten. Vamos a tener puerta abierta del 31 de mayo al 4 de junio<\/em>\u201d.<\/p><\/blockquote>\n\n\n\n<p>La investigaci\u00f3n cuenta con alta tecnolog\u00eda disponible con un semisubmersible tripulado por dos personas para estudiar los arrecifes coralinos que no se han visitado anteriormente.<\/p>\n","protected":false},"excerpt":{"rendered":"<p>Jes\u00fas Utrilla \/ NV Noticias La agrupaci\u00f3n ambientalista Green Pece analizar\u00e1 la situaci\u00f3n de los arrecifes de coral de Veracruz, las amenazas y los da\u00f1os por las construcciones como la ampliaci\u00f3n del puerto. Viridiana L\u00e1zaro, campa\u00f1ista y coordinadora de la investigaci\u00f3n, dijo que como parte de la campa\u00f1a Mar Adentro Mar Afuera el buque Arctic [&hellip;]<\/p>\n","protected":false},"author":8,"featured_media":106654,"comment_status":"open","ping_status":"open","sticky":false,"template":"","format":"standard","meta":{"_monsterinsights_skip_tracking":false,"_monsterinsights_sitenote_active":false,"_monsterinsights_sitenote_note":"","_monsterinsights_sitenote_category":0,"footnotes":""},"categories":[154],"tags":[11695,12539],"class_list":["post-106653","post","type-post","status-publish","format-standard","has-post-thumbnail","hentry","category-veracruz","tag-arrecifes","tag-greenpeace","wp-image-borders"],"amp_enabled":true,"_links":{"self":[{"href":"https:\/\/nvnoticias.mx\/index.php\/wp-json\/wp\/v2\/posts\/106653","targetHints":{"allow":["GET"]}}],"collection":[{"href":"https:\/\/nvnoticias.mx\/index.php\/wp-json\/wp\/v2\/posts"}],"about":[{"href":"https:\/\/nvnoticias.mx\/index.php\/wp-json\/wp\/v2\/types\/post"}],"author":[{"embeddable":true,"href":"https:\/\/nvnoticias.mx\/index.php\/wp-json\/wp\/v2\/users\/8"}],"replies":[{"embeddable":true,"href":"https:\/\/nvnoticias.mx\/index.php\/wp-json\/wp\/v2\/comments?post=106653"}],"version-history":[{"count":1,"href":"https:\/\/nvnoticias.mx\/index.php\/wp-json\/wp\/v2\/posts\/106653\/revisions"}],"predecessor-version":[{"id":106655,"href":"https:\/\/nvnoticias.mx\/index.php\/wp-json\/wp\/v2\/posts\/106653\/revisions\/106655"}],"wp:featuredmedia":[{"embeddable":true,"href":"https:\/\/nvnoticias.mx\/index.php\/wp-json\/wp\/v2\/media\/106654"}],"wp:attachment":[{"href":"https:\/\/nvnoticias.mx\/index.php\/wp-json\/wp\/v2\/media?parent=106653"}],"wp:term":[{"taxonomy":"category","embeddable":true,"href":"https:\/\/nvnoticias.mx\/index.php\/wp-json\/wp\/v2\/categories?post=106653"},{"taxonomy":"post_tag","embeddable":true,"href":"https:\/\/nvnoticias.mx\/index.php\/wp-json\/wp\/v2\/tags?post=106653"}],"curies":[{"name":"wp","href":"https:\/\/api.w.org\/{rel}","templated":true}]}}