{"id":106502,"date":"2023-05-13T14:19:48","date_gmt":"2023-05-13T19:19:48","guid":{"rendered":"https:\/\/nvnoticias.mx\/?p=106502"},"modified":"2023-05-13T14:19:49","modified_gmt":"2023-05-13T19:19:49","slug":"se-suman-nuevas-direcciones-a-la-organizacion-del-carnaval-de-veracruz","status":"publish","type":"post","link":"https:\/\/nvnoticias.mx\/index.php\/2023\/05\/13\/se-suman-nuevas-direcciones-a-la-organizacion-del-carnaval-de-veracruz\/","title":{"rendered":"Se suman nuevas direcciones a la organizaci\u00f3n del Carnaval de Veracruz"},"content":{"rendered":"\n<p><strong>Jes\u00fas Utrilla | NV Noticias<\/strong><\/p>\n\n\n\n<p>Para mejorar el Carnaval de Veracruz 2023 se llev\u00f3 a cabo una reingenier\u00eda al integrar a diversas direcciones municipales en el comit\u00e9, inform\u00f3 e presidente del Comit\u00e9 del Carnaval de Veracruz, Luis Antonio P\u00e9rez Fraga. <\/p>\n\n\n\n<p>Entre las \u00e1reas a participar en la organizaci\u00f3n est\u00e1n Comercio, Tr\u00e1nsito, Policia, entre otros. Asimismo, inform\u00f3 que las exreinas del carnaval donaron su carro aleg\u00f3rico para que ah\u00ed puedan ir quienes no ganen la corona o no puedan ser princesas y princesos de las fiestas. <\/p>\n\n\n\n<blockquote class=\"wp-block-quote is-layout-flow wp-block-quote-is-layout-flow\"><p>\u201cLas exreinas donaron su carro aleg\u00f3rico para que ah\u00ed vayan los caballeros y princesas de la alegr\u00eda que van a ser todos los que no hayan ganado los cargos de reina, princesa y princesos. Ellas mismas ofrecieron donar el carro. Me est\u00e1n ayudando mucho en la organizaci\u00f3n de las fiestas\u201d.<\/p><\/blockquote>\n\n\n\n<p> Por otro lado, dijo que se mantienen a la espera de que Gobierno del Estado participe apoyando el carnaval. El a\u00f1o pasado don\u00f3 la presentaci\u00f3n de un artista en los eventos masivos y hay confianza en que ocurra algo similar para esta ocasi\u00f3n. <\/p>\n\n\n\n<p>Cabe mencionar que el a\u00f1o pasado se present\u00f3 Moderatto por la portaci\u00f3n que brind\u00f3 Gobierno Estado.<\/p>\n\n\n\n<blockquote class=\"wp-block-quote is-layout-flow wp-block-quote-is-layout-flow\"><p> \u201cNo nos ha comunicado nada, esperamos que nos apoye por lo menos con un artista como el a\u00f1o pasado. Siempre mandamos oficios pero a ver si nos apoyan\u201d, concluy\u00f3.<\/p><\/blockquote>\n","protected":false},"excerpt":{"rendered":"<p>Jes\u00fas Utrilla | NV Noticias Para mejorar el Carnaval de Veracruz 2023 se llev\u00f3 a cabo una reingenier\u00eda al integrar a diversas direcciones municipales en el comit\u00e9, inform\u00f3 e presidente del Comit\u00e9 del Carnaval de Veracruz, Luis Antonio P\u00e9rez Fraga. Entre las \u00e1reas a participar en la organizaci\u00f3n est\u00e1n Comercio, Tr\u00e1nsito, Policia, entre otros. Asimismo, [&hellip;]<\/p>\n","protected":false},"author":35,"featured_media":100779,"comment_status":"open","ping_status":"open","sticky":false,"template":"","format":"standard","meta":{"_monsterinsights_skip_tracking":false,"_monsterinsights_sitenote_active":false,"_monsterinsights_sitenote_note":"","_monsterinsights_sitenote_category":0,"footnotes":""},"categories":[154],"tags":[1138,25113,13472,7542],"class_list":["post-106502","post","type-post","status-publish","format-standard","has-post-thumbnail","hentry","category-veracruz","tag-carnaval-de-veracruz","tag-direcciones","tag-organizacion","tag-suman","wp-image-borders"],"amp_enabled":true,"_links":{"self":[{"href":"https:\/\/nvnoticias.mx\/index.php\/wp-json\/wp\/v2\/posts\/106502","targetHints":{"allow":["GET"]}}],"collection":[{"href":"https:\/\/nvnoticias.mx\/index.php\/wp-json\/wp\/v2\/posts"}],"about":[{"href":"https:\/\/nvnoticias.mx\/index.php\/wp-json\/wp\/v2\/types\/post"}],"author":[{"embeddable":true,"href":"https:\/\/nvnoticias.mx\/index.php\/wp-json\/wp\/v2\/users\/35"}],"replies":[{"embeddable":true,"href":"https:\/\/nvnoticias.mx\/index.php\/wp-json\/wp\/v2\/comments?post=106502"}],"version-history":[{"count":1,"href":"https:\/\/nvnoticias.mx\/index.php\/wp-json\/wp\/v2\/posts\/106502\/revisions"}],"predecessor-version":[{"id":106503,"href":"https:\/\/nvnoticias.mx\/index.php\/wp-json\/wp\/v2\/posts\/106502\/revisions\/106503"}],"wp:featuredmedia":[{"embeddable":true,"href":"https:\/\/nvnoticias.mx\/index.php\/wp-json\/wp\/v2\/media\/100779"}],"wp:attachment":[{"href":"https:\/\/nvnoticias.mx\/index.php\/wp-json\/wp\/v2\/media?parent=106502"}],"wp:term":[{"taxonomy":"category","embeddable":true,"href":"https:\/\/nvnoticias.mx\/index.php\/wp-json\/wp\/v2\/categories?post=106502"},{"taxonomy":"post_tag","embeddable":true,"href":"https:\/\/nvnoticias.mx\/index.php\/wp-json\/wp\/v2\/tags?post=106502"}],"curies":[{"name":"wp","href":"https:\/\/api.w.org\/{rel}","templated":true}]}}