{"id":106492,"date":"2023-05-13T13:55:14","date_gmt":"2023-05-13T18:55:14","guid":{"rendered":"https:\/\/nvnoticias.mx\/?p=106492"},"modified":"2023-05-13T13:55:14","modified_gmt":"2023-05-13T18:55:14","slug":"plantea-delfina-gomez-creacion-de-programa-de-conciliacion-y-regularizacion-agraria-en-apoyo-a-los-campesinos","status":"publish","type":"post","link":"https:\/\/nvnoticias.mx\/index.php\/2023\/05\/13\/plantea-delfina-gomez-creacion-de-programa-de-conciliacion-y-regularizacion-agraria-en-apoyo-a-los-campesinos\/","title":{"rendered":"Plantea Delfina G\u00f3mez creaci\u00f3n de \u201cPrograma de Conciliaci\u00f3n y Regularizaci\u00f3n Agraria\u201d en apoyo a los campesinos"},"content":{"rendered":"\n<p>La candidata de Morena a la gubernatura del Estado de M\u00e9xico, Delfina G\u00f3mez, propuso la creaci\u00f3n de un \u201cPrograma de Conciliaci\u00f3n y Regularizaci\u00f3n Agraria\u201d con el objetivo de regular la tenencia de la tierra en n\u00facleos agrarios.<\/p>\n\n\n\n<blockquote class=\"wp-block-quote is-layout-flow wp-block-quote-is-layout-flow\"><p>\u201cPara que las campesinas y campesinos tengan un documento que avale que son propietarios de ese pedazo de tierra. La propuesta que tenemos es que ahora el gobierno se acerque a las comunidades para hacer los tr\u00e1mites y que los vengan a atender aqu\u00ed, as\u00ed nuestras personas funcionarias conocer\u00e1n de primera mano la realidad y necesidades de las comunidades\u201d, expres\u00f3.<\/p><\/blockquote>\n\n\n\n<p>Durante su recorrido de campa\u00f1a por Ixtlahuaca, la candidata a la coalici\u00f3n \u201cJuntos Haremos Historia en el Estado de M\u00e9xico&#8221;, propuso arreglar y dar mantenimiento a los caminos rurales, que son utilizados por los campesinos para trasladar su cosecha y que han estado olvidados durante muchos a\u00f1os.<\/p>\n\n\n\n<blockquote class=\"wp-block-quote is-layout-flow wp-block-quote-is-layout-flow\"><p>\u201cVamos a arreglar los caminos saca cosecha, porque a veces no nos damos cuenta lo que sufren las y los campesinos para sacar su cosecha a causa de las malas condiciones en las que se encuentran estos caminos\u201d, dijo.<\/p><\/blockquote>\n\n\n\n<p>En ese sentido la morenista dijo que se buscar\u00e1 una capacitaci\u00f3n y acompa\u00f1amiento a las y los campesinos para que tengan una mejor cosecha, rotaci\u00f3n de cultivo y venta de productos sin intermediarios.<br><\/p>\n\n\n\n<p>Fuente:<a href=\"https:\/\/www.milenio.com\/politica\/elecciones\/delfina-gomez-propone-acciones-favor-campesinos\" data-type=\"URL\" data-id=\"https:\/\/www.milenio.com\/politica\/elecciones\/delfina-gomez-propone-acciones-favor-campesinos\"> Milenio<\/a><\/p>\n","protected":false},"excerpt":{"rendered":"<p>La candidata de Morena a la gubernatura del Estado de M\u00e9xico, Delfina G\u00f3mez, propuso la creaci\u00f3n de un \u201cPrograma de Conciliaci\u00f3n y Regularizaci\u00f3n Agraria\u201d con el objetivo de regular la tenencia de la tierra en n\u00facleos agrarios. \u201cPara que las campesinas y campesinos tengan un documento que avale que son propietarios de ese pedazo de [&hellip;]<\/p>\n","protected":false},"author":35,"featured_media":91405,"comment_status":"open","ping_status":"open","sticky":false,"template":"","format":"standard","meta":{"_monsterinsights_skip_tracking":false,"_monsterinsights_sitenote_active":false,"_monsterinsights_sitenote_note":"","_monsterinsights_sitenote_category":0,"footnotes":""},"categories":[158],"tags":[410,1600,25109,8784,9750,25110],"class_list":["post-106492","post","type-post","status-publish","format-standard","has-post-thumbnail","hentry","category-politica","tag-apoyo","tag-campesinos","tag-creaccion","tag-delfina-gomez","tag-plantea","tag-programa-de-concialiacion-y-regularizacion-agraria","wp-image-borders"],"amp_enabled":true,"_links":{"self":[{"href":"https:\/\/nvnoticias.mx\/index.php\/wp-json\/wp\/v2\/posts\/106492","targetHints":{"allow":["GET"]}}],"collection":[{"href":"https:\/\/nvnoticias.mx\/index.php\/wp-json\/wp\/v2\/posts"}],"about":[{"href":"https:\/\/nvnoticias.mx\/index.php\/wp-json\/wp\/v2\/types\/post"}],"author":[{"embeddable":true,"href":"https:\/\/nvnoticias.mx\/index.php\/wp-json\/wp\/v2\/users\/35"}],"replies":[{"embeddable":true,"href":"https:\/\/nvnoticias.mx\/index.php\/wp-json\/wp\/v2\/comments?post=106492"}],"version-history":[{"count":1,"href":"https:\/\/nvnoticias.mx\/index.php\/wp-json\/wp\/v2\/posts\/106492\/revisions"}],"predecessor-version":[{"id":106493,"href":"https:\/\/nvnoticias.mx\/index.php\/wp-json\/wp\/v2\/posts\/106492\/revisions\/106493"}],"wp:featuredmedia":[{"embeddable":true,"href":"https:\/\/nvnoticias.mx\/index.php\/wp-json\/wp\/v2\/media\/91405"}],"wp:attachment":[{"href":"https:\/\/nvnoticias.mx\/index.php\/wp-json\/wp\/v2\/media?parent=106492"}],"wp:term":[{"taxonomy":"category","embeddable":true,"href":"https:\/\/nvnoticias.mx\/index.php\/wp-json\/wp\/v2\/categories?post=106492"},{"taxonomy":"post_tag","embeddable":true,"href":"https:\/\/nvnoticias.mx\/index.php\/wp-json\/wp\/v2\/tags?post=106492"}],"curies":[{"name":"wp","href":"https:\/\/api.w.org\/{rel}","templated":true}]}}