{"id":106472,"date":"2023-05-13T13:16:12","date_gmt":"2023-05-13T18:16:12","guid":{"rendered":"https:\/\/nvnoticias.mx\/?p=106472"},"modified":"2023-05-13T13:16:14","modified_gmt":"2023-05-13T18:16:14","slug":"la-nueva-aduana-del-puerto-de-veracruz-agilizara-el-despacho-aduanero","status":"publish","type":"post","link":"https:\/\/nvnoticias.mx\/index.php\/2023\/05\/13\/la-nueva-aduana-del-puerto-de-veracruz-agilizara-el-despacho-aduanero\/","title":{"rendered":"La nueva Aduana del Puerto de Veracruz agilizar\u00e1 el despacho aduanero"},"content":{"rendered":"\n<p><strong>Jes\u00fas Utrilla | NV Noticias<\/strong><\/p>\n\n\n\n<p>La nueva Aduana del Puerto de Veracruz agilizar\u00e1 el despacho aduanero, adem\u00e1s ser\u00e1 de las m\u00e1s seguras del pa\u00eds, afirm\u00f3 Marco A. Sansores Ram\u00edrez, Presidente de la Asociaci\u00f3n de Agentes Aduanales del Puerto de Veracruz.<\/p>\n\n\n\n<p> Explic\u00f3 que se invierten mil 650 millones de pesos en la construcci\u00f3n y sus equipos la har\u00e1n de las m\u00e1s modernas, lo que permitir\u00e1 continuar con crecimientos importantes en materia de importaci\u00f3n y exportaci\u00f3n.<\/p>\n\n\n\n<blockquote class=\"wp-block-quote is-layout-flow wp-block-quote-is-layout-flow\"><p> \u201cEl objetivo es que a final de a\u00f1o est\u00e9 la nueva aduana ya funcionando en bah\u00eda norte y con eso mejorar la eficiencia del puerto. No podemos concebir una aduana moderna sin la parte tecnol\u00f3gica y de seguridad. Es la parte que est\u00e1n llevando a cabo en este momento\u201d. <\/p><\/blockquote>\n\n\n\n<p>Durante el primer trimestre el Puerto de Veracruz movi\u00f3 8 millones 031 mil 519 toneladas de productos. Pero adem\u00e1s, durante el primer cuatrimestre (enero a abril) se report\u00f3 incrementos en manejo de carga general, granel agr\u00edcola, hidrocarburos, veh\u00edculos, entre otros. <\/p>\n\n\n\n<blockquote class=\"wp-block-quote is-layout-flow wp-block-quote-is-layout-flow\"><p>\u201cLos hidrocarburos y graneles han incrementado pero en general hemos tenido una buena actividad. Recuperamos el primer lugar, el a\u00f1o pasado nos quedamos cortos contra manzanillo en tonelaje pero este primer trimestre recuperamos y vamos a mantenernos\u201d.<\/p><\/blockquote>\n\n\n\n<p> Marco A. Sansores Ram\u00edrez confi\u00f3 en que la tendencia de crecimiento se mantenga en lo que resta del primer semestre del a\u00f1o y que haya aumentos considerables en la segunda mitad de 2023. <\/p>\n\n\n\n<blockquote class=\"wp-block-quote is-layout-flow wp-block-quote-is-layout-flow\"><p>\u00a0\u201cLa actividad econ\u00f3mica repunt\u00f3 en el puerto, creemos que va a seguir en buena l\u00ednea. Seg\u00fan la estad\u00edstica de Asipona en el primer trimestre se recuper\u00f3 el primer lugar nacional en tonelaje y eso es muy importante porque refleja los vol\u00famenes de carga. Esperamos que se mantenga este crecimiento, vamos bien y nos espera un buen a\u00f1o por delante\u201d. <\/p><\/blockquote>\n\n\n\n<p>Vaticin\u00f3 que Veracruz se mantendr\u00e1 como un puerto importante en movimiento de mercanc\u00eda, pues durante el primer cuatrimestre del a\u00f1o report\u00f3 cifras positivas en importaciones y exportaciones.<\/p>\n","protected":false},"excerpt":{"rendered":"<p>Jes\u00fas Utrilla | NV Noticias La nueva Aduana del Puerto de Veracruz agilizar\u00e1 el despacho aduanero, adem\u00e1s ser\u00e1 de las m\u00e1s seguras del pa\u00eds, afirm\u00f3 Marco A. Sansores Ram\u00edrez, Presidente de la Asociaci\u00f3n de Agentes Aduanales del Puerto de Veracruz. Explic\u00f3 que se invierten mil 650 millones de pesos en la construcci\u00f3n y sus equipos [&hellip;]<\/p>\n","protected":false},"author":35,"featured_media":106473,"comment_status":"open","ping_status":"open","sticky":false,"template":"","format":"standard","meta":{"_monsterinsights_skip_tracking":false,"_monsterinsights_sitenote_active":false,"_monsterinsights_sitenote_note":"","_monsterinsights_sitenote_category":0,"footnotes":""},"categories":[154],"tags":[20148,25105,25104,17974],"class_list":["post-106472","post","type-post","status-publish","format-standard","has-post-thumbnail","hentry","category-veracruz","tag-aduana-del-puerto-de-veracruz","tag-aduanero","tag-agilizara","tag-despacho","wp-image-borders"],"amp_enabled":true,"_links":{"self":[{"href":"https:\/\/nvnoticias.mx\/index.php\/wp-json\/wp\/v2\/posts\/106472","targetHints":{"allow":["GET"]}}],"collection":[{"href":"https:\/\/nvnoticias.mx\/index.php\/wp-json\/wp\/v2\/posts"}],"about":[{"href":"https:\/\/nvnoticias.mx\/index.php\/wp-json\/wp\/v2\/types\/post"}],"author":[{"embeddable":true,"href":"https:\/\/nvnoticias.mx\/index.php\/wp-json\/wp\/v2\/users\/35"}],"replies":[{"embeddable":true,"href":"https:\/\/nvnoticias.mx\/index.php\/wp-json\/wp\/v2\/comments?post=106472"}],"version-history":[{"count":1,"href":"https:\/\/nvnoticias.mx\/index.php\/wp-json\/wp\/v2\/posts\/106472\/revisions"}],"predecessor-version":[{"id":106474,"href":"https:\/\/nvnoticias.mx\/index.php\/wp-json\/wp\/v2\/posts\/106472\/revisions\/106474"}],"wp:featuredmedia":[{"embeddable":true,"href":"https:\/\/nvnoticias.mx\/index.php\/wp-json\/wp\/v2\/media\/106473"}],"wp:attachment":[{"href":"https:\/\/nvnoticias.mx\/index.php\/wp-json\/wp\/v2\/media?parent=106472"}],"wp:term":[{"taxonomy":"category","embeddable":true,"href":"https:\/\/nvnoticias.mx\/index.php\/wp-json\/wp\/v2\/categories?post=106472"},{"taxonomy":"post_tag","embeddable":true,"href":"https:\/\/nvnoticias.mx\/index.php\/wp-json\/wp\/v2\/tags?post=106472"}],"curies":[{"name":"wp","href":"https:\/\/api.w.org\/{rel}","templated":true}]}}