{"id":106465,"date":"2023-05-13T13:01:13","date_gmt":"2023-05-13T18:01:13","guid":{"rendered":"https:\/\/nvnoticias.mx\/?p=106465"},"modified":"2023-05-13T13:01:15","modified_gmt":"2023-05-13T18:01:15","slug":"formalmente-constituida-la-asociacion-de-periodistas-de-veracruz","status":"publish","type":"post","link":"https:\/\/nvnoticias.mx\/index.php\/2023\/05\/13\/formalmente-constituida-la-asociacion-de-periodistas-de-veracruz\/","title":{"rendered":"Formalmente constituida la Asociaci\u00f3n de Periodistas de Veracruz"},"content":{"rendered":"\n<p>Integrada por distinguidos representantes de los medios de comunicaci\u00f3n y profesionales en el ramo, qued\u00f3 formalmente constituida ante notario p\u00fablico la asociaci\u00f3n de periodistas de Veracruz, siendo su primer acto el ofrecer este s\u00e1bado un desayuno a los compa\u00f1eros que firman parte del mismo.<\/p>\n\n\n\n<p>La noticia fue dada a conocer por su Presidente Rodolfo Herrera S\u00e1nchez y la directiva est\u00e1 integrada por Araceli Baizabal, Violeta Pacheco, Ra\u00fal D\u00edaz entre otros.<\/p>\n\n\n\n<p>Su objetivo primordial ser\u00e1 el de brindar asesor\u00eda y respaldo a los compa\u00f1eros periodistas que se encuentre afiliados as\u00ed como buscar la profesionalizaci\u00f3n del ramo.<\/p>\n","protected":false},"excerpt":{"rendered":"<p>Integrada por distinguidos representantes de los medios de comunicaci\u00f3n y profesionales en el ramo, qued\u00f3 formalmente constituida ante notario p\u00fablico la asociaci\u00f3n de periodistas de Veracruz, siendo su primer acto el ofrecer este s\u00e1bado un desayuno a los compa\u00f1eros que firman parte del mismo. La noticia fue dada a conocer por su Presidente Rodolfo Herrera [&hellip;]<\/p>\n","protected":false},"author":35,"featured_media":106466,"comment_status":"open","ping_status":"open","sticky":false,"template":"","format":"standard","meta":{"_monsterinsights_skip_tracking":false,"_monsterinsights_sitenote_active":false,"_monsterinsights_sitenote_note":"","_monsterinsights_sitenote_category":0,"footnotes":""},"categories":[154],"tags":[25100,25099,20432],"class_list":["post-106465","post","type-post","status-publish","format-standard","has-post-thumbnail","hentry","category-veracruz","tag-asociacion-de-periodistas-de-veracruz","tag-constituida","tag-formalmente","wp-image-borders"],"amp_enabled":true,"_links":{"self":[{"href":"https:\/\/nvnoticias.mx\/index.php\/wp-json\/wp\/v2\/posts\/106465","targetHints":{"allow":["GET"]}}],"collection":[{"href":"https:\/\/nvnoticias.mx\/index.php\/wp-json\/wp\/v2\/posts"}],"about":[{"href":"https:\/\/nvnoticias.mx\/index.php\/wp-json\/wp\/v2\/types\/post"}],"author":[{"embeddable":true,"href":"https:\/\/nvnoticias.mx\/index.php\/wp-json\/wp\/v2\/users\/35"}],"replies":[{"embeddable":true,"href":"https:\/\/nvnoticias.mx\/index.php\/wp-json\/wp\/v2\/comments?post=106465"}],"version-history":[{"count":1,"href":"https:\/\/nvnoticias.mx\/index.php\/wp-json\/wp\/v2\/posts\/106465\/revisions"}],"predecessor-version":[{"id":106467,"href":"https:\/\/nvnoticias.mx\/index.php\/wp-json\/wp\/v2\/posts\/106465\/revisions\/106467"}],"wp:featuredmedia":[{"embeddable":true,"href":"https:\/\/nvnoticias.mx\/index.php\/wp-json\/wp\/v2\/media\/106466"}],"wp:attachment":[{"href":"https:\/\/nvnoticias.mx\/index.php\/wp-json\/wp\/v2\/media?parent=106465"}],"wp:term":[{"taxonomy":"category","embeddable":true,"href":"https:\/\/nvnoticias.mx\/index.php\/wp-json\/wp\/v2\/categories?post=106465"},{"taxonomy":"post_tag","embeddable":true,"href":"https:\/\/nvnoticias.mx\/index.php\/wp-json\/wp\/v2\/tags?post=106465"}],"curies":[{"name":"wp","href":"https:\/\/api.w.org\/{rel}","templated":true}]}}