{"id":106438,"date":"2023-05-13T11:36:00","date_gmt":"2023-05-13T16:36:00","guid":{"rendered":"https:\/\/nvnoticias.mx\/?p=106438"},"modified":"2023-05-13T11:36:01","modified_gmt":"2023-05-13T16:36:01","slug":"presenta-pan-denuncia-contra-amlo-ante-ine-por-plan-c","status":"publish","type":"post","link":"https:\/\/nvnoticias.mx\/index.php\/2023\/05\/13\/presenta-pan-denuncia-contra-amlo-ante-ine-por-plan-c\/","title":{"rendered":"Presenta PAN denuncia contra AMLO ante INE por &#8220;Plan C&#8221;"},"content":{"rendered":"\n<p>El\u00a0<strong>PAN\u00a0<\/strong>present\u00f3 una denuncia ante el Instituto Nacional Electoral por las declaraciones del presidente\u00a0<strong>Andr\u00e9s Manuel L\u00f3pez Obrador<\/strong>\u00a0en la ma\u00f1anera, en la que anunci\u00f3 el Plan C.<\/p>\n\n\n\n<p>El presidente se\u00f1al\u00f3 en su conferencia del 9 de mayo: &#8220;all\u00ed viene el C, all\u00ed viene el C. No tiene remedio el\u00a0<strong>poder judicial<\/strong>, est\u00e1 podrido, est\u00e1n actuando de manera facciosa. Imag\u00ednense, componerle la plana al poder legislativo&#8221;.<\/p>\n\n\n\n<p><\/p>\n\n\n\n<p>Por ello, hizo un llamado a tener mayor\u00eda calificada de 334 diputados para poder hacer reformas Constitucionales, lo que denomino como Plan C.<\/p>\n\n\n\n<blockquote class=\"wp-block-quote is-layout-flow wp-block-quote-is-layout-flow\"><p>&#8220;Se desprende con toda obviedad que se refiere a las diputaciones y senadur\u00edas ocupadas por Morena, del Trabajo y Verde Ecologista de M\u00e9xico. Tambi\u00e9n es claro que el presidente de la Rep\u00fablica, de manera indebida, solicita de forma expresa el voto para que los futuros integrantes del\u00a0<strong>Congreso de la Uni\u00f3n<\/strong>\u00a0sean aquellos que apoyen la transformaci\u00f3n y no permitan la subsistencia de un &#8220;supremo poder conservador&#8221;.<\/p><\/blockquote>\n\n\n\n<p><\/p>\n\n\n\n<p>Por ello, solicit\u00f3 medidas cautelares, en calidad de tutela preventiva, para que el presidente L\u00f3pez Obrador se abstenga de estos hechos.<\/p>\n\n\n\n<p>Fuente: <a href=\"https:\/\/www.eluniversal.com.mx\/nacion\/pan-presenta-denuncia-contra-amlo-ante-ine-por-plan-c\/\" data-type=\"URL\" data-id=\"https:\/\/www.eluniversal.com.mx\/nacion\/pan-presenta-denuncia-contra-amlo-ante-ine-por-plan-c\/\">El Universal<\/a> <\/p>\n","protected":false},"excerpt":{"rendered":"<p>El\u00a0PAN\u00a0present\u00f3 una denuncia ante el Instituto Nacional Electoral por las declaraciones del presidente\u00a0Andr\u00e9s Manuel L\u00f3pez Obrador\u00a0en la ma\u00f1anera, en la que anunci\u00f3 el Plan C. El presidente se\u00f1al\u00f3 en su conferencia del 9 de mayo: &#8220;all\u00ed viene el C, all\u00ed viene el C. No tiene remedio el\u00a0poder judicial, est\u00e1 podrido, est\u00e1n actuando de manera facciosa. [&hellip;]<\/p>\n","protected":false},"author":35,"featured_media":104027,"comment_status":"open","ping_status":"open","sticky":false,"template":"","format":"standard","meta":{"_monsterinsights_skip_tracking":false,"_monsterinsights_sitenote_active":false,"_monsterinsights_sitenote_note":"","_monsterinsights_sitenote_category":0,"footnotes":""},"categories":[158],"tags":[188,206,443,284,23820,162,9077],"class_list":["post-106438","post","type-post","status-publish","format-standard","has-post-thumbnail","hentry","category-politica","tag-amlo","tag-denuncia","tag-ine","tag-pan","tag-plan-c","tag-portada","tag-presenta","wp-image-borders"],"amp_enabled":true,"_links":{"self":[{"href":"https:\/\/nvnoticias.mx\/index.php\/wp-json\/wp\/v2\/posts\/106438","targetHints":{"allow":["GET"]}}],"collection":[{"href":"https:\/\/nvnoticias.mx\/index.php\/wp-json\/wp\/v2\/posts"}],"about":[{"href":"https:\/\/nvnoticias.mx\/index.php\/wp-json\/wp\/v2\/types\/post"}],"author":[{"embeddable":true,"href":"https:\/\/nvnoticias.mx\/index.php\/wp-json\/wp\/v2\/users\/35"}],"replies":[{"embeddable":true,"href":"https:\/\/nvnoticias.mx\/index.php\/wp-json\/wp\/v2\/comments?post=106438"}],"version-history":[{"count":4,"href":"https:\/\/nvnoticias.mx\/index.php\/wp-json\/wp\/v2\/posts\/106438\/revisions"}],"predecessor-version":[{"id":106442,"href":"https:\/\/nvnoticias.mx\/index.php\/wp-json\/wp\/v2\/posts\/106438\/revisions\/106442"}],"wp:featuredmedia":[{"embeddable":true,"href":"https:\/\/nvnoticias.mx\/index.php\/wp-json\/wp\/v2\/media\/104027"}],"wp:attachment":[{"href":"https:\/\/nvnoticias.mx\/index.php\/wp-json\/wp\/v2\/media?parent=106438"}],"wp:term":[{"taxonomy":"category","embeddable":true,"href":"https:\/\/nvnoticias.mx\/index.php\/wp-json\/wp\/v2\/categories?post=106438"},{"taxonomy":"post_tag","embeddable":true,"href":"https:\/\/nvnoticias.mx\/index.php\/wp-json\/wp\/v2\/tags?post=106438"}],"curies":[{"name":"wp","href":"https:\/\/api.w.org\/{rel}","templated":true}]}}