{"id":106408,"date":"2023-05-13T10:57:23","date_gmt":"2023-05-13T15:57:23","guid":{"rendered":"https:\/\/nvnoticias.mx\/?p=106408"},"modified":"2023-05-13T10:57:24","modified_gmt":"2023-05-13T15:57:24","slug":"paraliza-senado-a-organismos-por-falta-de-76-nombramientos","status":"publish","type":"post","link":"https:\/\/nvnoticias.mx\/index.php\/2023\/05\/13\/paraliza-senado-a-organismos-por-falta-de-76-nombramientos\/","title":{"rendered":"Paraliza Senado a organismos por falta de 76 nombramientos"},"content":{"rendered":"\n<p>El Senado de la Rep\u00fablica mantiene en la congeladora legislativa 76 nombramientos, algunos incluso a pesar de fallos judiciales, entre ellos, tres comisionados del Inai que Morena y el gobierno federal se niegan a concretar ante la visi\u00f3n presidencial de la desaparici\u00f3n del organismo aut\u00f3nomo; adem\u00e1s, 47 magistrados regionales y locales del TEPJF y decenas de consejeros, vocales e, incluso, el presidente del \u00d3rgano de Gobierno del Instituto Federal de Telecomunicaciones (IFT).<\/p>\n\n\n\n<p>Especialistas en transparencia, analistas pol\u00edticos y senadores expusieron a EL UNIVERSAL que si bien la prioridad para la oposici\u00f3n son los comisionados del Instituto Nacional de Transparencia, Acceso a la Informaci\u00f3n y Protecci\u00f3n de Datos Personales (Inai), el oficialismo busca como estrategia y por instrucci\u00f3n presidencial frenar todos estos nombramientos que tambi\u00e9n tienen que ver con temas de derechos humanos, justicia electoral, administrativa e incluso para vigilar la actuaci\u00f3n de instancias como la Fiscal\u00eda General de la Rep\u00fablica (FGR).<\/p>\n\n\n\n<p>Algunos nombramientos se encuentran en el impasse legislativo desde hace casi dos a\u00f1os, todo ello en medio de la crisis y confrontaci\u00f3n entre el oficialismo y la oposici\u00f3n.<\/p>\n\n\n\n<p>El presidente de la Comisi\u00f3n de Anticorrupci\u00f3n, Transparencia y Participaci\u00f3n Ciudadana del Senado, Juan Zepeda, dijo que se trata de una \u201comisi\u00f3n muy grave\u201d por parte de la C\u00e1mara Alta, sobre todo en el caso de los tres comisionados del Inai.<\/p>\n\n\n\n<blockquote class=\"wp-block-quote is-layout-flow wp-block-quote-is-layout-flow\"><p>\u201cSe debe reflexionar en el Senado sobre esta grave omisi\u00f3n y en el caso del Inai, incluso, desacato que se deriva de una decisi\u00f3n pol\u00edtica de la mayor\u00eda y sus aliados de no permitir que estos organismos puedan cumplir con sus funciones y prefieren matarlos de inanici\u00f3n, ahorc\u00e1ndolos, dej\u00e1ndolos sin qu\u00f3rum, sin presupuesto\u201d, apunt\u00f3.<\/p><\/blockquote>\n\n\n\n<p>El senador por Movimiento Ciudadano indic\u00f3 que el oficialismo cree que \u201cpateando el bote\u201d en estos m\u00e1s de 70 nombramientos pueden obtener mejores resultados para sus propios fines pol\u00edticos, pero sobre todo como una estrategia para favorecer al Presidente y su gobierno.<\/p>\n\n\n\n<p>Puntualiz\u00f3 que cuando el constituyente plante\u00f3 el n\u00famero de magistrados, comisionados, consejeros, no fueron ocurrencias porque son n\u00fameros que permiten el funcionamiento adecuado, \u201cno es que se les haya ocurrido un n\u00famero al arbitrio, tienen un objetivo, un esp\u00edritu para lograr equilibrios, contrapesos para que existan deliberaciones y sus decisiones puedan ser colegiadas, colectivas\u201d.<\/p>\n\n\n\n<p>Eduardo Boh\u00f3rquez, director de Transparencia Mexicana, indic\u00f3 que \u201cs\u00f3lo se ha avanzado en los nombramientos que tienen la bendici\u00f3n pol\u00edtica de la Presidencia de la Rep\u00fablica. Cuando los funcionarios nombrados son cercanos al Presidente, los \u00f3rganos que unos d\u00edas antes eran controversiales, se convierten en \u00f3rganos aliados y toda tensi\u00f3n pol\u00edtica desaparece\u201d.<\/p>\n\n\n\n<p>Argument\u00f3 que en el caso de estos nombramientos, que no son designaci\u00f3n directa del Presidente y tienen que conciliarse con la minor\u00eda parlamentaria, no parece haber ni inter\u00e9s ni disposici\u00f3n de nombrarlos. Eso supondr\u00eda tener que negociar con la oposici\u00f3n y por estrategia electoral hacia 2024, el gobierno ser\u00e1 renuente a hacerlo.<\/p>\n\n\n\n<p>Fuente:<a href=\"https:\/\/www.eluniversal.com.mx\/nacion\/senado-paraliza-a-organismos-por-falta-de-76-nombramientos\/\" data-type=\"URL\" data-id=\"https:\/\/www.eluniversal.com.mx\/nacion\/senado-paraliza-a-organismos-por-falta-de-76-nombramientos\/\"> El Universal<\/a> <\/p>\n","protected":false},"excerpt":{"rendered":"<p>El Senado de la Rep\u00fablica mantiene en la congeladora legislativa 76 nombramientos, algunos incluso a pesar de fallos judiciales, entre ellos, tres comisionados del Inai que Morena y el gobierno federal se niegan a concretar ante la visi\u00f3n presidencial de la desaparici\u00f3n del organismo aut\u00f3nomo; adem\u00e1s, 47 magistrados regionales y locales del TEPJF y decenas [&hellip;]<\/p>\n","protected":false},"author":35,"featured_media":44535,"comment_status":"open","ping_status":"open","sticky":false,"template":"","format":"standard","meta":{"_monsterinsights_skip_tracking":false,"_monsterinsights_sitenote_active":false,"_monsterinsights_sitenote_note":"","_monsterinsights_sitenote_category":0,"footnotes":""},"categories":[158],"tags":[6205,8710,162,369],"class_list":["post-106408","post","type-post","status-publish","format-standard","has-post-thumbnail","hentry","category-politica","tag-nombramientos","tag-paraliza","tag-portada","tag-senado","wp-image-borders"],"amp_enabled":true,"_links":{"self":[{"href":"https:\/\/nvnoticias.mx\/index.php\/wp-json\/wp\/v2\/posts\/106408","targetHints":{"allow":["GET"]}}],"collection":[{"href":"https:\/\/nvnoticias.mx\/index.php\/wp-json\/wp\/v2\/posts"}],"about":[{"href":"https:\/\/nvnoticias.mx\/index.php\/wp-json\/wp\/v2\/types\/post"}],"author":[{"embeddable":true,"href":"https:\/\/nvnoticias.mx\/index.php\/wp-json\/wp\/v2\/users\/35"}],"replies":[{"embeddable":true,"href":"https:\/\/nvnoticias.mx\/index.php\/wp-json\/wp\/v2\/comments?post=106408"}],"version-history":[{"count":4,"href":"https:\/\/nvnoticias.mx\/index.php\/wp-json\/wp\/v2\/posts\/106408\/revisions"}],"predecessor-version":[{"id":106412,"href":"https:\/\/nvnoticias.mx\/index.php\/wp-json\/wp\/v2\/posts\/106408\/revisions\/106412"}],"wp:featuredmedia":[{"embeddable":true,"href":"https:\/\/nvnoticias.mx\/index.php\/wp-json\/wp\/v2\/media\/44535"}],"wp:attachment":[{"href":"https:\/\/nvnoticias.mx\/index.php\/wp-json\/wp\/v2\/media?parent=106408"}],"wp:term":[{"taxonomy":"category","embeddable":true,"href":"https:\/\/nvnoticias.mx\/index.php\/wp-json\/wp\/v2\/categories?post=106408"},{"taxonomy":"post_tag","embeddable":true,"href":"https:\/\/nvnoticias.mx\/index.php\/wp-json\/wp\/v2\/tags?post=106408"}],"curies":[{"name":"wp","href":"https:\/\/api.w.org\/{rel}","templated":true}]}}